{"id":1028,"date":"2016-05-23T21:47:43","date_gmt":"2016-05-23T21:47:43","guid":{"rendered":"http:\/\/skrobotz.de\/de-mail\/?p=1028"},"modified":"2016-05-24T20:21:20","modified_gmt":"2016-05-24T20:21:20","slug":"nur-die-technikinteressierten","status":"publish","type":"post","link":"https:\/\/skrobotz.de\/de-mail\/?p=1028","title":{"rendered":"&#8222;nur die Technikinteressierten&#8220;"},"content":{"rendered":"<p><a class=\"liwikipedia\" href=\"https:\/\/de.wikipedia.org\/wiki\/Thomas_Jarzombek\" rel=\"nofollow\" data-slimstat-clicked=\"false\" data-slimstat-type=\"0\" data-slimstat-tracking=\"true\" data-slimstat-async=\"false\" data-slimstat-callback=\"true\">Thomas Jarzombek<\/a><span class=\"Apple-converted-space\"> ist &#8222;<\/span>netzpolitischer Sprecher der CDU\/CSU-Fraktion&#8220; und <a href=\"http:\/\/skrobotz.de\/de-mail\/?p=984\">ihr Vertreter<\/a> im <a class=\"liexternal\" href=\"http:\/\/www.bundestag.de\/ada\" data-slimstat-clicked=\"false\" data-slimstat-type=\"0\" data-slimstat-tracking=\"true\" data-slimstat-async=\"false\" data-slimstat-callback=\"true\">Ausschuss \u201eDigitale Agenda\u201c<\/a><span class=\"Apple-converted-space\">\u00a0<\/span>des Bundestages. J\u00fcngst durfte er in der Wochenzeitung &#8222;Das Parlament&#8220; in einem so genannten <a href=\"http:\/\/www.das-parlament.de\/2016\/20_22\/menschen_und_meinungen\/-\/423034\">Interview<\/a> die bescheidenen <a href=\"http:\/\/www.golem.de\/news\/breitbandausbau-verlegung-von-glasfaser-wird-zur-pflicht-1601-118780.html\">Pl\u00e4ne der Bundesregierung zum Breitbandausbau<\/a> loben (&#8222;ambitioniertes Ziel&#8220;, &#8222;gro\u00dfes F\u00f6rderprogramm&#8220;, &#8222;<span class=\"Apple-converted-space\">\u00a0<\/span>konkrete Regelungen&#8220;, &#8222;<span class=\"Apple-converted-space\">\u00a0<\/span>Internet ohne Verz\u00f6gerung&#8220;, usw. usf.)<span class=\"Apple-converted-space\">. Dabei machte er auch einen Schlenker zur De-Mail:<\/span><\/p>\n<blockquote><p><span class=\"Apple-converted-space\">&#8222;Man kann aber keine sinnvollen Anwendungen erm\u00f6glichen, wenn kaum jemand dabei mitmacht. \u00c4hnlich [wie beim neuen Personalausweis, J.S.] ist es bei der De-Mail. Die m\u00fcsste jeder bekommen, der eine E-Mail-Adresse hat. Ansonsten nutzen es nur die Technikinteressierten. Und das reicht nicht.&#8220;<\/span><\/p><\/blockquote>\n<p>Hm. In <em>meinem<\/em> Internet gibt es nur <a href=\"http:\/\/skrobotz.de\/de-mail\/?p=923\">zwei Technikinteressierte mit De-Mail<\/a>. Von denen es vielleicht genau keiner nutzt.<\/p>\n<p>Wollen wir nur hoffen, dass Jarzombek hier nicht <a href=\"http:\/\/skrobotz.de\/de-mail\/?p=834\">Pl\u00e4ne zur Nutzungspflicht<\/a> spoilert (&#8222;<span class=\"Apple-converted-space\">Die m\u00fcsste jeder bekommen, der eine E-Mail-Adresse hat.&#8220;).<\/span><\/p>\n","protected":false},"excerpt":{"rendered":"<p>Thomas Jarzombek ist &#8222;netzpolitischer Sprecher der CDU\/CSU-Fraktion&#8220; und ihr Vertreter im Ausschuss \u201eDigitale Agenda\u201c\u00a0des Bundestages. J\u00fcngst durfte er in der Wochenzeitung &#8222;Das Parlament&#8220; in einem so genannten Interview die bescheidenen Pl\u00e4ne der Bundesregierung zum Breitbandausbau loben (&#8222;ambitioniertes Ziel&#8220;, &#8222;gro\u00dfes F\u00f6rderprogramm&#8220;, &hellip; <a href=\"https:\/\/skrobotz.de\/de-mail\/?p=1028\">Weiterlesen <span class=\"meta-nav\">&rarr;<\/span><\/a><\/p>\n","protected":false},"author":2,"featured_media":0,"comment_status":"closed","ping_status":"closed","sticky":false,"template":"","format":"standard","meta":{"footnotes":""},"categories":[1,5],"tags":[],"_links":{"self":[{"href":"https:\/\/skrobotz.de\/de-mail\/index.php?rest_route=\/wp\/v2\/posts\/1028"}],"collection":[{"href":"https:\/\/skrobotz.de\/de-mail\/index.php?rest_route=\/wp\/v2\/posts"}],"about":[{"href":"https:\/\/skrobotz.de\/de-mail\/index.php?rest_route=\/wp\/v2\/types\/post"}],"author":[{"embeddable":true,"href":"https:\/\/skrobotz.de\/de-mail\/index.php?rest_route=\/wp\/v2\/users\/2"}],"replies":[{"embeddable":true,"href":"https:\/\/skrobotz.de\/de-mail\/index.php?rest_route=%2Fwp%2Fv2%2Fcomments&post=1028"}],"version-history":[{"count":1,"href":"https:\/\/skrobotz.de\/de-mail\/index.php?rest_route=\/wp\/v2\/posts\/1028\/revisions"}],"predecessor-version":[{"id":1029,"href":"https:\/\/skrobotz.de\/de-mail\/index.php?rest_route=\/wp\/v2\/posts\/1028\/revisions\/1029"}],"wp:attachment":[{"href":"https:\/\/skrobotz.de\/de-mail\/index.php?rest_route=%2Fwp%2Fv2%2Fmedia&parent=1028"}],"wp:term":[{"taxonomy":"category","embeddable":true,"href":"https:\/\/skrobotz.de\/de-mail\/index.php?rest_route=%2Fwp%2Fv2%2Fcategories&post=1028"},{"taxonomy":"post_tag","embeddable":true,"href":"https:\/\/skrobotz.de\/de-mail\/index.php?rest_route=%2Fwp%2Fv2%2Ftags&post=1028"}],"curies":[{"name":"wp","href":"https:\/\/api.w.org\/{rel}","templated":true}]}}