{"id":1224,"date":"2021-09-01T20:01:27","date_gmt":"2021-09-01T20:01:27","guid":{"rendered":"https:\/\/skrobotz.de\/de-mail\/?p=1224"},"modified":"2021-09-01T20:01:27","modified_gmt":"2021-09-01T20:01:27","slug":"toter-gaul-erschossen","status":"publish","type":"post","link":"https:\/\/skrobotz.de\/de-mail\/?p=1224","title":{"rendered":"Toter Gaul, erschossen"},"content":{"rendered":"\n<p>Die Telekom, so <a href=\"https:\/\/www.zeit.de\/digital\/internet\/2021-08\/deutsche-telekom-de-mail-abschaltung-e-mail-dienst\">erz\u00e4hlen<\/a> <a href=\"https:\/\/www.tagesschau.de\/wirtschaft\/unternehmen\/telekom-mailsystem-service-101.html\">es<\/a> <a href=\"https:\/\/heise.de\/-6178394\">alle<\/a> nach dem <a href=\"https:\/\/www.spiegel.de\/netzwelt\/netzpolitik\/telekom-schaltet-de-mail-ab-a-1cf7a036-c4ad-4d3c-b8d8-2f3d1afa7944\">Bericht des Spiegel<\/a> vom 31. August 2021, &#8222;schaltet De-Mail ab&#8220;. Das ist eine so sch\u00f6ne Technik-Metapher, da kann niemand widerstehen:<\/p>\n\n\n\n<figure class=\"wp-block-image size-full\"><a href=\"https:\/\/www.spiegel.de\/netzwelt\/netzpolitik\/telekom-schaltet-de-mail-ab-a-1cf7a036-c4ad-4d3c-b8d8-2f3d1afa7944\"><img decoding=\"async\" loading=\"lazy\" width=\"646\" height=\"222\" src=\"https:\/\/skrobotz.de\/de-mail\/wp-content\/uploads\/2021\/09\/grafik.png\" alt=\"\" class=\"wp-image-1225\" srcset=\"https:\/\/skrobotz.de\/de-mail\/wp-content\/uploads\/2021\/09\/grafik.png 646w, https:\/\/skrobotz.de\/de-mail\/wp-content\/uploads\/2021\/09\/grafik-300x103.png 300w, https:\/\/skrobotz.de\/de-mail\/wp-content\/uploads\/2021\/09\/grafik-500x172.png 500w\" sizes=\"(max-width: 646px) 100vw, 646px\" \/><\/a><\/figure>\n\n\n\n<figure class=\"wp-block-image size-full is-resized\"><a href=\"https:\/\/www.zeit.de\/digital\/internet\/2021-08\/deutsche-telekom-de-mail-abschaltung-e-mail-dienst\"><img decoding=\"async\" loading=\"lazy\" src=\"https:\/\/skrobotz.de\/de-mail\/wp-content\/uploads\/2021\/09\/grafik-1.png\" alt=\"\" class=\"wp-image-1226\" width=\"615\" height=\"243\" srcset=\"https:\/\/skrobotz.de\/de-mail\/wp-content\/uploads\/2021\/09\/grafik-1.png 531w, https:\/\/skrobotz.de\/de-mail\/wp-content\/uploads\/2021\/09\/grafik-1-300x118.png 300w, https:\/\/skrobotz.de\/de-mail\/wp-content\/uploads\/2021\/09\/grafik-1-500x197.png 500w\" sizes=\"(max-width: 615px) 100vw, 615px\" \/><\/a><\/figure>\n\n\n\n<figure class=\"wp-block-image size-full\"><a href=\"https:\/\/www.golem.de\/news\/verschluesselung-telekom-schaltet-de-mail-ab-2108-159230.html\"><img decoding=\"async\" loading=\"lazy\" width=\"712\" height=\"189\" src=\"https:\/\/skrobotz.de\/de-mail\/wp-content\/uploads\/2021\/09\/grafik-2.png\" alt=\"\" class=\"wp-image-1227\" srcset=\"https:\/\/skrobotz.de\/de-mail\/wp-content\/uploads\/2021\/09\/grafik-2.png 712w, https:\/\/skrobotz.de\/de-mail\/wp-content\/uploads\/2021\/09\/grafik-2-300x80.png 300w, https:\/\/skrobotz.de\/de-mail\/wp-content\/uploads\/2021\/09\/grafik-2-500x133.png 500w\" sizes=\"(max-width: 712px) 100vw, 712px\" \/><\/a><\/figure>\n\n\n\n<p>Na gut, die Tagesschau schon:<\/p>\n\n\n\n<figure class=\"wp-block-image size-full\"><a href=\"https:\/\/www.tagesschau.de\/wirtschaft\/unternehmen\/telekom-mailsystem-service-101.html\"><img decoding=\"async\" loading=\"lazy\" width=\"601\" height=\"163\" src=\"https:\/\/skrobotz.de\/de-mail\/wp-content\/uploads\/2021\/09\/grafik-3.png\" alt=\"\" class=\"wp-image-1228\" srcset=\"https:\/\/skrobotz.de\/de-mail\/wp-content\/uploads\/2021\/09\/grafik-3.png 601w, https:\/\/skrobotz.de\/de-mail\/wp-content\/uploads\/2021\/09\/grafik-3-300x81.png 300w, https:\/\/skrobotz.de\/de-mail\/wp-content\/uploads\/2021\/09\/grafik-3-500x136.png 500w\" sizes=\"(max-width: 601px) 100vw, 601px\" \/><\/a><\/figure>\n\n\n\n<p>Die Einzelheiten hat, wie gesagt, Marcel Rosenbach im <a href=\"https:\/\/www.spiegel.de\/netzwelt\/netzpolitik\/telekom-schaltet-de-mail-ab-a-1cf7a036-c4ad-4d3c-b8d8-2f3d1afa7944\">Spiegel<\/a>: <\/p>\n\n\n\n<blockquote class=\"wp-block-quote\"><p>Viele Unternehmen und Beh\u00f6rden bekommen in diesen Tagen \u00fcberraschende Post von der Deutschen Telekom. Das Bonner Unternehmen verschickt K\u00fcndigungen \u2013 f\u00fcr einen Dienst, den wohl auch viele Kunden l\u00e4ngst vergessen haben&#8230;<\/p><p>Man habe sich \u00bbstrategisch entschieden, den De-Mail-Dienst aufgrund fehlender Wirtschaftlichkeit nur noch bis Ende August 2022 anzubieten\u00ab, hei\u00dft es in den K\u00fcndigungsschreiben an Gesch\u00e4ftskunden. Im September sollen auch die Privatkunden vom bevorstehenden Ende des Angebots unterrichtet werden&#8230;<\/p><p>Die Entscheidung, aus De-Mail auszusteigen, sei aber erst in diesem Sommer gefallen, hie\u00df es in Unternehmenskreisen. Hintergrund war offenbar ein auslaufender Rahmenvertrag mit dem Bundesinnenministerium.<\/p><cite>Marcel Rosenbach, Telekom schaltet De-Mail Ab, Der Spiegel, 31. Aug. 2021<\/cite><\/blockquote>\n\n\n\n<p>Das ist in der Tat ein harterSchlag f\u00fcr die in <a href=\"http:\/\/www.gesetze-im-internet.de\/zpo\/__130a.html\">hunderten<\/a> <a href=\"https:\/\/www.gesetze-im-internet.de\/vwvfg\/__3a.html\">Gesetzen<\/a> als &#8222;sicherer \u00dcbermittlungsweg&#8220; an Beh\u00f6rden und Gerichte verankerte De-Mail. Ohne die Telekom als den weitaus gr\u00f6\u00dften Anbieter bleibt die De-Mail allenfalls das Nischenprojekt, das sie zehn Jahre lang war. Wahrscheinlicher ist das rasche Ende dieser Technik. Die weiteren Anbieter Mentana-Claimsoft und 1&amp;1 werden kaum alleine weiter machen k\u00f6nnen. Jan Oetjen fordert kaum verholen schon (weitere) Subventionen, direkt und indirekt:<\/p>\n\n\n\n<blockquote class=\"wp-block-quote\"><p>Man sei im Gespr\u00e4ch und pr\u00fcfe Optionen, den bisherigen Telekom-Kunden Angebote f\u00fcr eine \u00bbunterbrechungsfreie Fortf\u00fchrung ihrer De-Mail-Konten zu machen\u00ab, best\u00e4tigt der Gesch\u00e4ftsf\u00fchrer von WEB.DE und GMX, Jan Oetjen. Wichtig daf\u00fcr seien allerdings \u00bbdie weitere staatliche Unterst\u00fctzung sowie die Ausweitung der Nutzung\u00ab. Als ein Beispiel nennt Oetjen die zahllosen immer noch per Post zugestellten Beh\u00f6rdenbriefe, die einen gro\u00dfen Anteil am j\u00e4hrlichen Briefvolumen h\u00e4tten.<\/p><cite> Marcel Rosenbach, Telekom schaltet De-Mail Ab, Der Spiegel, 31. Aug. 2021 <\/cite><\/blockquote>\n\n\n\n<p>Tim H\u00f6ttges hat dem <a href=\"https:\/\/skrobotz.de\/de-mail\/?p=1212\" data-type=\"post\" data-id=\"1212\">Toten Gaul<\/a> den Gnadenschuss verpasst.<\/p>\n","protected":false},"excerpt":{"rendered":"<p>Die Telekom, so erz\u00e4hlen es alle nach dem Bericht des Spiegel vom 31. August 2021, &#8222;schaltet De-Mail ab&#8220;. Das ist eine so sch\u00f6ne Technik-Metapher, da kann niemand widerstehen: Na gut, die Tagesschau schon: Die Einzelheiten hat, wie gesagt, Marcel Rosenbach &hellip; <a href=\"https:\/\/skrobotz.de\/de-mail\/?p=1224\">Weiterlesen <span class=\"meta-nav\">&rarr;<\/span><\/a><\/p>\n","protected":false},"author":2,"featured_media":0,"comment_status":"closed","ping_status":"closed","sticky":false,"template":"","format":"standard","meta":{"footnotes":""},"categories":[1],"tags":[],"_links":{"self":[{"href":"https:\/\/skrobotz.de\/de-mail\/index.php?rest_route=\/wp\/v2\/posts\/1224"}],"collection":[{"href":"https:\/\/skrobotz.de\/de-mail\/index.php?rest_route=\/wp\/v2\/posts"}],"about":[{"href":"https:\/\/skrobotz.de\/de-mail\/index.php?rest_route=\/wp\/v2\/types\/post"}],"author":[{"embeddable":true,"href":"https:\/\/skrobotz.de\/de-mail\/index.php?rest_route=\/wp\/v2\/users\/2"}],"replies":[{"embeddable":true,"href":"https:\/\/skrobotz.de\/de-mail\/index.php?rest_route=%2Fwp%2Fv2%2Fcomments&post=1224"}],"version-history":[{"count":2,"href":"https:\/\/skrobotz.de\/de-mail\/index.php?rest_route=\/wp\/v2\/posts\/1224\/revisions"}],"predecessor-version":[{"id":1230,"href":"https:\/\/skrobotz.de\/de-mail\/index.php?rest_route=\/wp\/v2\/posts\/1224\/revisions\/1230"}],"wp:attachment":[{"href":"https:\/\/skrobotz.de\/de-mail\/index.php?rest_route=%2Fwp%2Fv2%2Fmedia&parent=1224"}],"wp:term":[{"taxonomy":"category","embeddable":true,"href":"https:\/\/skrobotz.de\/de-mail\/index.php?rest_route=%2Fwp%2Fv2%2Fcategories&post=1224"},{"taxonomy":"post_tag","embeddable":true,"href":"https:\/\/skrobotz.de\/de-mail\/index.php?rest_route=%2Fwp%2Fv2%2Ftags&post=1224"}],"curies":[{"name":"wp","href":"https:\/\/api.w.org\/{rel}","templated":true}]}}