{"id":1240,"date":"2022-09-12T19:53:38","date_gmt":"2022-09-12T19:53:38","guid":{"rendered":"https:\/\/skrobotz.de\/de-mail\/?p=1240"},"modified":"2022-09-12T19:56:08","modified_gmt":"2022-09-12T19:56:08","slug":"das-muehsame-ende-der-de-mail","status":"publish","type":"post","link":"https:\/\/skrobotz.de\/de-mail\/?p=1240","title":{"rendered":"Das m\u00fchsame Ende der De-Mail"},"content":{"rendered":"\n<p>Tim Gerber berichtet f\u00fcr <a href=\"https:\/\/heise.de\/-7253666\">c&#8217;t<\/a>:<\/p>\n\n\n\n<blockquote class=\"wp-block-quote\"><p>Wer seine De-Mails aus dem Telekom-Postfach sichern will, um auch nach v\u00f6lliger Abschaltung des Dienstes Ende November noch Zugriff darauf zu haben, scheitert bislang an unzureichenden Funktionen der De-Mail-Nutzeroberfl\u00e4che bei der Telekom. Die erlaubt derzeit nur maximal zehn Mails gleichzeitig zu archivieren. F\u00fcr Nutzer mit vollem Postfach kaum praktikabel.<\/p><cite><strong>Tim Gerber<\/strong>, Das Ende von De-Mail bei der Telekom: Widrigkeiten und Unklarheiten, <a href=\"https:\/\/heise.de\/-7253666\">c&#8217;t vom 11. September 2022<\/a><\/cite><\/blockquote>\n\n\n\n<p>F\u00fcr diesen Fall hat  <a href=\"https:\/\/www.gesetze-im-internet.de\/de-mail-g\/__11.html\">\u00a7 11 De-Mail-Gesetz<\/a> vorgesorgt. Ein De-Mail-Anbieter muss die Einstellung seiner T\u00e4tigkeit nicht nur so fr\u00fch wie m\u00f6glich (&#8222;unverz\u00fcglich&#8220;) der zust\u00e4ndigen Beh\u00f6rde anzeigen. Er hat auch daf\u00fcr zu sorgen, dass das De-Mail-Konto von einem anderen akkreditierten Diensteanbieter \u00fcbernommen werden kann. (Er muss also nicht f\u00fcr die \u00dcbernahme sorgen, sie nur &#8212; technisch &#8212; erm\u00f6glichen.) Jedenfalls muss er sicherstellen, dass die Nutzer ihre Nachrichten und Dokumente noch f\u00fcr wenigstens drei Monate abrufen k\u00f6nnen.<\/p>\n\n\n\n<p>Das Abrufenk\u00f6nnen f\u00fcr sich klappt sicher. Mehr aber nicht unbedingt. Ein Export-Tool steht erst seit kurzem bereit. Und auch der ja prim\u00e4r beabsichtigte Umzug zu einem anderen Provider ist offenbar technisch &#8212; <em>herausfordernd<\/em>.<\/p>\n\n\n\n<blockquote class=\"wp-block-quote\"><p>Der Umzug zu anderen Providern bereitet kommerziellen und \u00f6ffentlichen De-Mail-Nutzern mitunter Schwierigkeiten. &#8230; Auf Nachfrage von c\u2019t, warum sich der f\u00e4llige Providerwechsel verz\u00f6gere, hie\u00df es seitens der <a href=\"https:\/\/www.vbl.de\/de\/\">VBL<\/a>, man sei bereits zu Beginn des Jahres aktiv geworden, um den Providerwechsel zu einem neuen De-Mail-Diensteanbieter anzusto\u00dfen. Allerdings sei es bei dem von der Telekom angek\u00fcndigten Umzugsservice zu erheblichen Verz\u00f6gerungen gekommen.<\/p><cite><strong>Tim Gerber<\/strong>, Das Ende von De-Mail bei der Telekom: Widrigkeiten und Unklarheiten, <a href=\"https:\/\/heise.de\/-7253666\">c&#8217;t vom 11. September 2022<\/a><\/cite><\/blockquote>\n\n\n\n<p>Die erste Frage w\u00e4re nat\u00fcrlich: Wohin auch umziehen? Jedoch: <a href=\"https:\/\/de-mail-register.1und1.de\/1und1-De-Mail?0\">1&amp;1<\/a> hat seine Akkreditierung erst <a href=\"https:\/\/www.bsi.bund.de\/SharedDocs\/Downloads\/DE\/BSI\/De_Mail\/Akkreditierung\/BSI-DeMail-0016-2022.pdf?__blob=publicationFile&amp;v=2\">im M\u00e4rz 2022 erneuert<\/a>. <\/p>\n","protected":false},"excerpt":{"rendered":"<p>Tim Gerber berichtet f\u00fcr c&#8217;t: Wer seine De-Mails aus dem Telekom-Postfach sichern will, um auch nach v\u00f6lliger Abschaltung des Dienstes Ende November noch Zugriff darauf zu haben, scheitert bislang an unzureichenden Funktionen der De-Mail-Nutzeroberfl\u00e4che bei der Telekom. Die erlaubt derzeit &hellip; <a href=\"https:\/\/skrobotz.de\/de-mail\/?p=1240\">Weiterlesen <span class=\"meta-nav\">&rarr;<\/span><\/a><\/p>\n","protected":false},"author":2,"featured_media":0,"comment_status":"closed","ping_status":"closed","sticky":false,"template":"","format":"standard","meta":{"footnotes":""},"categories":[1],"tags":[],"_links":{"self":[{"href":"https:\/\/skrobotz.de\/de-mail\/index.php?rest_route=\/wp\/v2\/posts\/1240"}],"collection":[{"href":"https:\/\/skrobotz.de\/de-mail\/index.php?rest_route=\/wp\/v2\/posts"}],"about":[{"href":"https:\/\/skrobotz.de\/de-mail\/index.php?rest_route=\/wp\/v2\/types\/post"}],"author":[{"embeddable":true,"href":"https:\/\/skrobotz.de\/de-mail\/index.php?rest_route=\/wp\/v2\/users\/2"}],"replies":[{"embeddable":true,"href":"https:\/\/skrobotz.de\/de-mail\/index.php?rest_route=%2Fwp%2Fv2%2Fcomments&post=1240"}],"version-history":[{"count":4,"href":"https:\/\/skrobotz.de\/de-mail\/index.php?rest_route=\/wp\/v2\/posts\/1240\/revisions"}],"predecessor-version":[{"id":1245,"href":"https:\/\/skrobotz.de\/de-mail\/index.php?rest_route=\/wp\/v2\/posts\/1240\/revisions\/1245"}],"wp:attachment":[{"href":"https:\/\/skrobotz.de\/de-mail\/index.php?rest_route=%2Fwp%2Fv2%2Fmedia&parent=1240"}],"wp:term":[{"taxonomy":"category","embeddable":true,"href":"https:\/\/skrobotz.de\/de-mail\/index.php?rest_route=%2Fwp%2Fv2%2Fcategories&post=1240"},{"taxonomy":"post_tag","embeddable":true,"href":"https:\/\/skrobotz.de\/de-mail\/index.php?rest_route=%2Fwp%2Fv2%2Ftags&post=1240"}],"curies":[{"name":"wp","href":"https:\/\/api.w.org\/{rel}","templated":true}]}}