{"id":1258,"date":"2023-06-13T17:13:42","date_gmt":"2023-06-13T17:13:42","guid":{"rendered":"https:\/\/skrobotz.de\/de-mail\/?p=1258"},"modified":"2023-06-14T05:06:05","modified_gmt":"2023-06-14T05:06:05","slug":"im-august-2024-endet-in-der-verwaltung-de-mail-endlich","status":"publish","type":"post","link":"https:\/\/skrobotz.de\/de-mail\/?p=1258","title":{"rendered":"Im August 2024 &#8222;endet in der Verwaltung De-Mail, endlich!!!&#8220;"},"content":{"rendered":"\n<p>&#8230; <a href=\"https:\/\/muenster.im\/@CIO_Bund\/110497985910331763\">postete<\/a> (und <a href=\"https:\/\/twitter.com\/cio_bund\/status\/1666105082310451201\">twitterte<\/a>) der <a href=\"https:\/\/www.cio.bund.de\/\">Bundes-CIO<\/a> Staatssekret\u00e4r Dr. <a href=\"https:\/\/de.wikipedia.org\/wiki\/Markus_Richter\">Markus Richter<\/a> (<a rel=\"noreferrer noopener\" href=\"https:\/\/muenster.im\/@CIO_Bund\" target=\"_blank\">#GernPerDu<\/a>) j\u00fcngst, mit drei Ausrufezeichen.<\/p>\n\n\n\n<figure class=\"wp-block-image size-full\"><a href=\"https:\/\/muenster.im\/@CIO_Bund\/110497985910331763\"><img decoding=\"async\" loading=\"lazy\" width=\"555\" height=\"213\" src=\"https:\/\/skrobotz.de\/de-mail\/wp-content\/uploads\/2023\/06\/grafik.png\" alt=\"\" class=\"wp-image-1259\" srcset=\"https:\/\/skrobotz.de\/de-mail\/wp-content\/uploads\/2023\/06\/grafik.png 555w, https:\/\/skrobotz.de\/de-mail\/wp-content\/uploads\/2023\/06\/grafik-300x115.png 300w, https:\/\/skrobotz.de\/de-mail\/wp-content\/uploads\/2023\/06\/grafik-500x192.png 500w\" sizes=\"(max-width: 555px) 100vw, 555px\" \/><\/a><\/figure>\n\n\n\n<p>Die Nachricht wurde rasch auf <a href=\"https:\/\/winfuture.de\/news,136708.html\">den<\/a> <a href=\"https:\/\/www.teltarif.de\/de-mail-verwaltung-aus-einstellung-2024\/news\/92074.html\">\u00fcblich<\/a> <a href=\"https:\/\/www.golem.de\/news\/verschluesselungsdienst-regierung-schaltet-de-mail-ab-2306-174794.html\">verd\u00e4chtigen<\/a> <a href=\"https:\/\/www.basicthinking.de\/blog\/2023\/06\/08\/was-ist-eine-de-mail\/\">Seiten<\/a> weiterverbreitet, mit jeweils \u00e4hnlichem Inhalt (aber einem individuellen Cookie-Overlay): Das <a href=\"https:\/\/sz.de\/1.1301164\">2012 durch Frau Merkel pers\u00f6nlich am Cebit-Stand der Telekom<\/a> gestartete Projekt war <a href=\"https:\/\/skrobotz.de\/de-mail\/?p=172\" data-type=\"post\" data-id=\"172\">von<\/a> <a href=\"https:\/\/skrobotz.de\/de-mail\/?p=197\" data-type=\"post\" data-id=\"197\">Anfang<\/a> <a href=\"https:\/\/skrobotz.de\/de-mail\/?p=437\" data-type=\"post\" data-id=\"437\">an<\/a> <a href=\"https:\/\/skrobotz.de\/de-mail\/?p=476\" data-type=\"post\" data-id=\"476\">wenig<\/a> <a href=\"https:\/\/skrobotz.de\/de-mail\/?p=476\" data-type=\"post\" data-id=\"476\">beliebt<\/a>, <a href=\"https:\/\/skrobotz.de\/de-mail\/?p=552\" data-type=\"post\" data-id=\"552\">umst\u00e4ndlich<\/a> <a href=\"https:\/\/skrobotz.de\/de-mail\/?p=663\" data-type=\"post\" data-id=\"663\">und<\/a> <a href=\"https:\/\/skrobotz.de\/de-mail\/?p=1002\" data-type=\"post\" data-id=\"1002\">teuer<\/a>. Experten <a href=\"https:\/\/skrobotz.de\/de-mail\/?p=678\" data-type=\"post\" data-id=\"678\">zerrissen es<\/a> in <a href=\"https:\/\/skrobotz.de\/de-mail\/?p=1096\" data-type=\"post\" data-id=\"1096\">der Luft<\/a>. <a href=\"https:\/\/skrobotz.de\/de-mail\/?p=1232\" data-type=\"post\" data-id=\"1232\">Millionen wurden versenkt<\/a>, <a href=\"https:\/\/skrobotz.de\/de-mail\/?p=1250\" data-type=\"post\" data-id=\"1250\">f\u00fcr eine Handvoll Nutzer<\/a>. Vor zwei Jahren <a href=\"https:\/\/skrobotz.de\/de-mail\/?p=1224\" data-type=\"post\" data-id=\"1224\">stieg die Telekom<\/a> vom <a href=\"https:\/\/skrobotz.de\/de-mail\/?p=1212\" data-type=\"post\" data-id=\"1212\">&#8222;toten Gaul&#8220;<\/a>. Nun reicht es auch dem Bund, der damit der <a href=\"https:\/\/skrobotz.de\/de-mail\/?p=1250\" data-type=\"post\" data-id=\"1250\">wiederholten<\/a> <a href=\"https:\/\/skrobotz.de\/de-mail\/?p=1232\" data-type=\"post\" data-id=\"1232\">Forderung des Rechnungshofs<\/a> entspricht, das Gesamtprojekt auf den Pr\u00fcfstand zu stellen und schlechtem Geld kein Gutes nachzuwerfen (<a href=\"https:\/\/de.wikipedia.org\/wiki\/Versunkene_Kosten\">sunk cost<\/a>). <\/p>\n\n\n\n<p>Der Regierungswechsel hat sicherlich geholfen, doch auch ein weiterer Umstand. Warum n\u00e4mlich endet der jahrzehntelange Versuch nun gerade (&#8222;endlich!!!&#8220;) Ende August 2024? Die Antwort hat Christian W\u00f6lbert <a href=\"https:\/\/heise.de\/-9180138\">auf heise.de<\/a>, von wo alle anderen abschreiben: <\/p>\n\n\n\n<blockquote class=\"wp-block-quote\">\n<p>Grundlage f\u00fcr die Abschaltung von De-Mail in der \u00f6ffentlichen Verwaltung sei das Auslaufen des Rahmenvertrags mit dem Provider FP Digital Business Solutions, erkl\u00e4rte das BMI auf Nachfrage von c&#8217;t. Dieser laufe Ende August 2024 aus. Eine rechtliche Umsetzung des De-Mail-Endes befinde sich &#8222;aktuell noch in Pr\u00fcfung&#8220;.<\/p>\n<cite>Christian W\u00f6lbert, Bundesregierung k\u00fcndigt Ende von De-Mail in der Verwaltung an, <a href=\"https:\/\/heise.de\/-9180138\">8. Juni 2023<\/a><\/cite><\/blockquote>\n\n\n\n<p>Dieser Anbieter, vormals <a href=\"https:\/\/heise.de\/-6180777\">Mentana Claimsoft<\/a>, ist einer von nur noch zwei verbliebenen De-Mail-Dienstleistern. Der andere, 1&amp;1 mit der Marke <a href=\"https:\/\/produkte.web.de\/de-mail\/\">web.de<\/a>, ist <em>not amused<\/em>. Und h\u00e4lt trotzig an dem von ihm so lange geduldig begleiteten Projekt fest:<\/p>\n\n\n\n<blockquote class=\"wp-block-quote\">\n<p> Jan Oetjen, CEO von GMX und Web.de, kritisierte gegen\u00fcber c&#8217;t die Entscheidung der Bundesregierung: \u201eDe-Mail bleibt der einzige interoperable und verf\u00fcgbare Standard f\u00fcr die rechtsverbindliche digitale Kommunikation in Deutschland, den wir weiter anbieten.&#8220; Statt immer wieder neue isolierte Konzepte vorzustellen, solle man die bestehenden umsetzen und &#8222;in Interoperabilit\u00e4t denken&#8220;. Sonst falle Deutschland in der Digitalisierung immer weiter zur\u00fcck.<\/p>\n<cite>Christian W\u00f6lbert, Bundesregierung k\u00fcndigt Ende von De-Mail in der Verwaltung an, <a href=\"https:\/\/heise.de\/-9180138\">8. Juni 2023<\/a><\/cite><\/blockquote>\n\n\n\n<p>Spannend ist der Satz des BMI, man pr\u00fcfe aktuell die rechtliche Umsetzung. Der dort j\u00fcngst erarbeitete Entwurf des &#8222;Online-Zugangsgesetzes 2.0&#8220; (<a href=\"https:\/\/dserver.bundestag.de\/brd\/2023\/0226-23.pdf\">BR-Drs. 226\/23<\/a>) schafft es immerhin, auf 80 Seiten das Wort &#8222;De-Mail&#8220; nur genau einmal zu erw\u00e4hnen: als eine M\u00f6glichkeit, die Schriftform zu erf\u00fcllen, und zwar &#8222;mit der Versandart nach \u00a7 5 Absatz 5 des De-Mail-Gesetzes (\u00a7 3a Absatz 2 Satz 4 Nummer 2 f. VwVfG)&#8220;. Ansonsten zeigt es den auch von Richter herausgestellten Weg auf: die Schaffung einer &#8222;BundID&#8220; (f\u00fcr B\u00fcrger) und eines &#8222;Unternehmenskontos&#8220;, im Gesetz &#8222;B\u00fcrgerkonto&#8220; bzw. &#8222;Organisationskonto&#8220; genannt (\u00a7 2 Abs. 5 OZG n. F.). Das <a data-type=\"post\" data-id=\"1200\" href=\"https:\/\/skrobotz.de\/de-mail\/?p=1200\">EGVP der Justiz<\/a> soll nicht angetastet werden.<\/p>\n\n\n\n<p>Ebenfalls unangetastet bleibt &#8212; vorerst &#8212; die Verpflichtung der Bundesbeh\u00f6rden auf De-Mail-Konten, \u00a7 2 Abs. des E-Government-Gesetzes:<\/p>\n\n\n\n<blockquote class=\"wp-block-quote\">\n<p><strong><a href=\"https:\/\/www.gesetze-im-internet.de\/egovg\/__2.html\">EGovG \u00a7 2<\/a>. Elektronischer Zugang zur Verwaltung.<\/strong> (2) Jede Beh\u00f6rde des Bundes ist verpflichtet, den elektronischen Zugang zus\u00e4tzlich durch eine De-Mail-Adresse im Sinne des De-Mail-Gesetzes zu er\u00f6ffnen, es sei denn, die Beh\u00f6rde des Bundes hat keinen Zugang zu dem zentral f\u00fcr die Bundesverwaltung angebotenen IT-Verfahren, \u00fcber das De-Mail-Dienste f\u00fcr Bundesbeh\u00f6rden angeboten werden.<\/p>\n<\/blockquote>\n\n\n\n<p>Jedenfalls vordergr\u00fcndig. Eventuell ist die Passage auch heute noch so zu lesen, wie es die Gesetzesbegr\u00fcndung von vor zehn Jahren (<a href=\"https:\/\/dserver.bundestag.de\/brd\/2012\/0557-12.pdf\">BR-Drs. 557\/12<\/a>) nahelegt: dass der Bund sich hier verpflichtete, f\u00fcr jede seiner Beh\u00f6rden ein De-Mail-Konto zu er\u00f6ffnen. Vielleicht aber ergibt die rechtliche Pr\u00fcfung des BMI unter genauer Exegese der damaligen Erw\u00e4gungen auch das Gegenteil: Dass die Bundesbeh\u00f6rden nur darauf verpflichtet werden, sich dem <em>bestehenden<\/em> IT-Verfahren anzuschlie\u00dfen. Woran es dann fehlt, wenn das BMI den Vertrag mit FP nicht verl\u00e4ngert. Was deshalb unsch\u00e4dlich w\u00e4re, weil niemand der De-Mail nachtrauert:<\/p>\n\n\n\n<blockquote class=\"wp-block-quote\">\n<p>[H]insichtlich der Kommunikation insbesondere zwischen dem B\u00fcrger\/der B\u00fcrgerin und Beh\u00f6rden gilt, dass auch diese darum bem\u00fcht sein sollten, f\u00fcr die Kommunikation mit dem B\u00fcrger\/der B\u00fcrgerin De-Mail zu verwenden, <strong>wenn dieser es fordert<\/strong>. Eine Kommunikation zwischen B\u00fcrgerinnen und B\u00fcrgern und \u00f6ffentlicher Stelle mittels De-Mail setzt voraus, dass auch die Beh\u00f6rde sich entschieden hat, De-Mail zu nutzen, denn anderenfalls k\u00f6nnte der B\u00fcrger\/die B\u00fcrgerin der Beh\u00f6rde keine De-Mail senden. Die Beh\u00f6rde soll also den B\u00fcrger\/die B\u00fcrgerin nicht ohne Grund auf andere Kommunikationswege als auf den \u00fcber De-Mail verweisen k\u00f6nnen.<\/p>\n<cite>entwurf zum E-Government-Gesetz, <a href=\"https:\/\/dserver.bundestag.de\/brd\/2012\/0557-12.pdf\">BR-Drs. 557\/12<\/a><\/cite><\/blockquote>\n\n\n\n<p>&#8222;wenn dieser [B\u00fcrger] es fordert&#8220;: Die Beh\u00f6rden m\u00fcssen nur (&#8222;auch&#8220;) ein De-Mail-Konto haben, um einen echten Bedarf decken zu k\u00f6nnen. Und nicht f\u00fcr die vernachl\u00e4ssigbar kleine Anzahl <a data-type=\"post\" data-id=\"1232\" href=\"https:\/\/skrobotz.de\/de-mail\/?p=1232\">an De-Mails, die <\/a><a href=\"https:\/\/skrobotz.de\/de-mail\/?p=1232\">tats\u00e4chlich<\/a><a data-type=\"post\" data-id=\"1232\" href=\"https:\/\/skrobotz.de\/de-mail\/?p=1232\"> eingehen<\/a>.<\/p>\n\n\n\n<p>Bei diesem Verst\u00e4ndnis k\u00f6nnte De-Mail still und heimlich sterben gehen. N\u00e4her am &#8222;endlich!!!&#8220; des Staatssekret\u00e4rs liegt aber ein (<a href=\"https:\/\/www.google.com\/search?q=site%3Agesetze-im-internet.de+&quot;de-mail&quot;\">unendlich langweiliges Artikel-<\/a>) Gesetz, das ehrenhalber die Reste zusammenkehrt und sie w\u00fcrdevoll beerdigt.<\/p>\n","protected":false},"excerpt":{"rendered":"<p>&#8230; postete (und twitterte) der Bundes-CIO Staatssekret\u00e4r Dr. Markus Richter (#GernPerDu) j\u00fcngst, mit drei Ausrufezeichen. Die Nachricht wurde rasch auf den \u00fcblich verd\u00e4chtigen Seiten weiterverbreitet, mit jeweils \u00e4hnlichem Inhalt (aber einem individuellen Cookie-Overlay): Das 2012 durch Frau Merkel pers\u00f6nlich am &hellip; <a href=\"https:\/\/skrobotz.de\/de-mail\/?p=1258\">Weiterlesen <span class=\"meta-nav\">&rarr;<\/span><\/a><\/p>\n","protected":false},"author":2,"featured_media":0,"comment_status":"closed","ping_status":"closed","sticky":false,"template":"","format":"standard","meta":{"footnotes":""},"categories":[1],"tags":[],"_links":{"self":[{"href":"https:\/\/skrobotz.de\/de-mail\/index.php?rest_route=\/wp\/v2\/posts\/1258"}],"collection":[{"href":"https:\/\/skrobotz.de\/de-mail\/index.php?rest_route=\/wp\/v2\/posts"}],"about":[{"href":"https:\/\/skrobotz.de\/de-mail\/index.php?rest_route=\/wp\/v2\/types\/post"}],"author":[{"embeddable":true,"href":"https:\/\/skrobotz.de\/de-mail\/index.php?rest_route=\/wp\/v2\/users\/2"}],"replies":[{"embeddable":true,"href":"https:\/\/skrobotz.de\/de-mail\/index.php?rest_route=%2Fwp%2Fv2%2Fcomments&post=1258"}],"version-history":[{"count":9,"href":"https:\/\/skrobotz.de\/de-mail\/index.php?rest_route=\/wp\/v2\/posts\/1258\/revisions"}],"predecessor-version":[{"id":1268,"href":"https:\/\/skrobotz.de\/de-mail\/index.php?rest_route=\/wp\/v2\/posts\/1258\/revisions\/1268"}],"wp:attachment":[{"href":"https:\/\/skrobotz.de\/de-mail\/index.php?rest_route=%2Fwp%2Fv2%2Fmedia&parent=1258"}],"wp:term":[{"taxonomy":"category","embeddable":true,"href":"https:\/\/skrobotz.de\/de-mail\/index.php?rest_route=%2Fwp%2Fv2%2Fcategories&post=1258"},{"taxonomy":"post_tag","embeddable":true,"href":"https:\/\/skrobotz.de\/de-mail\/index.php?rest_route=%2Fwp%2Fv2%2Ftags&post=1258"}],"curies":[{"name":"wp","href":"https:\/\/api.w.org\/{rel}","templated":true}]}}