{"id":381,"date":"2013-03-18T20:53:40","date_gmt":"2013-03-18T20:53:40","guid":{"rendered":"http:\/\/skrobotz.de\/de-mail\/?p=381"},"modified":"2013-04-21T19:48:34","modified_gmt":"2013-04-21T19:48:34","slug":"e-government-gesetz-anhorung-im-innenausschuss","status":"publish","type":"post","link":"https:\/\/skrobotz.de\/de-mail\/?p=381","title":{"rendered":"E-Government-Gesetz: Anh\u00f6rung im Innenausschuss"},"content":{"rendered":"<p>Der\u00a0<a title=\"Bundestags-Drucksache 17\/11473 vom 14. November 2012\" href=\"http:\/\/dipbt.bundestag.de\/dip21\/btd\/17\/114\/1711473.pdf\">Entwurf des\u00a0E-Government-Gesetz des Bundes<\/a> wurde wie berichtet am 21. Februar nach der ersten Lesung im Plenum des Bundestags <a title=\"De-Mail-News | Erste Lesung des E-Government-Gesetzes (22. Februar 2013)\" href=\"http:\/\/skrobotz.de\/de-mail\/?p=320\">in die Aussch\u00fcsse verwiesen<\/a>. Der federf\u00fchrende Innenausschuss hat nun f\u00fcr den kommenden Mittwoch zur ersten \u00f6ffentlichen Anh\u00f6rung des Gesetzes geladen \u2013 auf <a title=\"Deutscher Bundestag (Pressemitteilung) | Anh\u00f6rung zum E-Government-Gesetz (18. M\u00e4rz 2012)\" href=\"http:\/\/www.bundestag.de\/presse\/pressemitteilungen\/2013\/pm_130318.html\">12:00 Uhr ins Paul-L\u00f6be-Haus, Sitzungssaal 4.400<\/a>.<\/p>\n<p>Nach der <a title=\"Deutscher Bundestag (Innenausschuss) | Tagesordnung zur Anh\u00f6rung vom 20. M\u00e4rz 2013 (15. M\u00e4rz 2013)\" href=\"http:\/\/www.bundestag.de\/bundestag\/ausschuesse17\/a04\/tagesordnungen\/TO_100__Sitzung_am_20__Maerz_2013_-_Oeffentliche_Anhoerung.pdf\">Tagesordnung<\/a> sind als Sachverst\u00e4ndige geladen der <a title=\"Landesdatenschutzbeauftragter Mecklenburg-Vorpommern\" href=\"http:\/\/www.datenschutz-mv.de\/\">Landesbeauftragte f\u00fcr den Datenschutz Mecklenburg-Vorpommern<\/a> <a title=\"Wikipedia: Reinhard Dankert\" href=\"http:\/\/de.wikipedia.org\/wiki\/Reinhard_Dankert\">Reinhard Dankert<\/a>, Dr. <a title=\"Deutscher St\u00e4dtetag: Hauptgesch\u00e4ftsstelle\" href=\"http:\/\/www.staedtetag.de\/wirueberuns\/hgst\/index.html\">Helmut Vogt<\/a> vom <a title=\"Wikipedia: Deutscher St\u00e4dtetag\" href=\"http:\/\/de.wikipedia.org\/wiki\/Deutscher_St%C3%A4dtetag\">Deutschen St\u00e4dtetag<\/a>, Prof. Dr. <a title=\"Uni Passau: Prof. Dr. Ralf M\u00fcller-Terpitz\" href=\"http:\/\/www.jura.uni-passau.de\/1125.html\">Ralf M\u00fcller-Terpitz<\/a> der Universit\u00e4t Passau (siehe <a title=\"De-Mail-News | M\u00fcller-Terpitz und Rauchhaus zum Entwurf eines E-Government-Gesetzes (20. Juni 2012)\" href=\"http:\/\/skrobotz.de\/de-mail\/?p=84\">hier<\/a> und <a title=\"De-Mail-News | M\u00fcller-Terpitz und Rauchhaus erneut zum Entwurf eines E-Government-Gesetzes (10. Januar 2013)\" href=\"http:\/\/skrobotz.de\/de-mail\/?p=297\">hier<\/a>),\u00a0Dr. <a title=\"BITKOM: Dr. Bernhard Rohleder\" href=\"http:\/\/www.bitkom.org\/de\/wir_ueber_uns\/2853_17342.aspx\">Bernhard Rohleder<\/a> der <a title=\"Wikipedia: BITKOM\" href=\"http:\/\/de.wikipedia.org\/wiki\/BITKOM\">BITKOM<\/a> sowie <a title=\"XING: Dirk Stocksmeier\" href=\"http:\/\/www.xing.com\/profile\/Dirk_Stocksmeier\">Dirk Stocksmeier<\/a>, Vorstandsvorsitzender der <a title=\"init AG\" href=\"http:\/\/www.init.de\/\">]init[ AG<\/a>, die seiner <a title=\"XING: Dirk Stocksmeier\" href=\"http:\/\/www.xing.com\/profile\/Dirk_Stocksmeier\">Selbstbeschreibung<\/a> nach &#8222;heute zu den f\u00fchrenden E-Government Unternehmen Deutschlands geh\u00f6rt&#8220;, aber vor allem wohl durch den kreativen Gebrauch eckiger Klammern auff\u00e4llt.<\/p>\n<p>Die Dokumente der Sachverst\u00e4ndigen sind <del>bislang leider <a title=\"Deutscher Bundestag (Innenausschuss) | Dokumente zur Anh\u00f6rung vom 20. M\u00e4rz 2013 (15. M\u00e4rz 2013)\" href=\"http:\/\/www.bundestag.de\/bundestag\/ausschuesse17\/a04\/Anhoerungen\/Anhoerung29\/index.html\">nicht ver\u00f6ffentlicht<\/a>.<\/del> <strong>[Nachtrag <\/strong>2013-03-20<strong>] <\/strong> inzwischen <a title=\"Deutscher Bundestag (Innenausschuss) | Dokumente zur Anh\u00f6rung vom 20. M\u00e4rz 2013 (15. M\u00e4rz 2013)\" href=\"http:\/\/www.bundestag.de\/bundestag\/ausschuesse17\/a04\/Anhoerungen\/Anhoerung29\/index.html\">ver\u00f6ffentlicht<\/a>.<\/p>\n<ul>\n<li>Die Stellungnahme des Sachverst\u00e4ndigen Nr. 6, Linus Neumann, Chaos Conputer Club und <a title=\"Netzpolitik.org | Linus Neumann\" href=\"https:\/\/netzpolitik.org\/author\/linus\/\">Netzpolitik.org<\/a>, findet sich in der <a title=\"Chaos Computer Club: Stellungnahme zum E-Government-Gesetz (20.M\u00e4rz 2013)\" href=\"http:\/\/www.bundestag.de\/bundestag\/ausschuesse17\/a04\/Anhoerungen\/Anhoerung29\/Stellungnahmen_SV\/Stellungnahme_02.pdf\">Ausschussdrucksache 17(4)695 B<\/a>. <strong> <\/strong> Der CCC r\u00e4t <a title=\"Chaos Computer Club: Sicherheit von De-Mail nur ein schlechter Witz (19. M\u00e4rz 2013)\" href=\"http:\/\/ccc.de\/de\/updates\/2013\/stellungnahmedemail\"> in der auf seiner Homepage ver\u00f6ffentlichten Stellungnahme<\/a> dazu, das gescheiterte Projekt De-Mail ersatzlos zu streichen. Die Sicherheit des Systems sei &#8222;ein schlechter Witz&#8220;. Die Bundesregierung \u2013 erwartbar \u2013 <a title=\"heise.de | Streit um Sicherheit der De-Mail (20. M\u00e4rz 2013)\" href=\"http:\/\/heise.de\/-1826850\">widerspricht<\/a>.<\/li>\n<li>Der Industrie- und Handelskammertag <a title=\"Deutscher Bundestag (Innenausschuss) | Ausschussdrucksache (DIHK) zur Anh\u00f6rung vom 20. M\u00e4rz 2013 (19. M\u00e4rz 2013)\" href=\"http:\/\/www.bundestag.de\/bundestag\/ausschuesse17\/a04\/Anhoerungen\/Anhoerung29\/Ausschussdrucksache01.pdf\">begr\u00fc\u00dft das Projekt<\/a>, fordert aber die Integration in das Verwaltungsverfahrensgesetz und den deutlichen Abbau von Formvorschriften. D&#8217;accord!<\/li>\n<li>BITKOM <a title=\"Deutscher Bundestag (Innenausschuss) | Ausschussdrucksache (BITKOM) zur Anh\u00f6rung vom 20. M\u00e4rz 2013 (19. M\u00e4rz 2013)\" href=\"http:\/\/www.bundestag.de\/bundestag\/ausschuesse17\/a04\/Anhoerungen\/Anhoerung29\/Stellungnahmen_SV\/Stellungnahme_03.pdf\">liegt auf der gleichen Linie<\/a>.<\/li>\n<li>Der Datenschutzbeauftragter M-V <a title=\"Deutscher Bundestag (Innenausschuss) | Ausschussdrucksache (DSB M-V) zur Anh\u00f6rung vom 20. M\u00e4rz 2013 (19. M\u00e4rz 2013)\" href=\"http:\/\/www.bundestag.de\/bundestag\/ausschuesse17\/a04\/Anhoerungen\/Anhoerung29\/Stellungnahmen_SV\/Stellungnahme_01.pdf\">fordert<\/a> die <a title=\"De-Mail-News | \u201cHandreichung\u201d des Bundesdatenschutzbeauftragten (16. M\u00e4rz 2013)\" href=\"http:\/\/skrobotz.de\/de-mail\/?p=370\">Ende-zu-Ende-Verschl\u00fcsselung sensibler Daten<\/a>.<\/li>\n<li>Auch <a title=\"De-Mail-News | M\u00fcller-Terpitz und Rauchhaus erneut zum Entwurf eines E-Government-Gesetzes (10. Januar 2013)\" href=\"http:\/\/skrobotz.de\/de-mail\/?p=297\">M\u00fcller-Terpitz<\/a> spricht sich <a title=\"Deutscher Bundestag (Innenausschuss) | Ausschussdrucksache (M\u00fcller-Terpitz) zur Anh\u00f6rung vom 20. M\u00e4rz 2013 (20. M\u00e4rz 2013)\" href=\"http:\/\/www.bundestag.de\/bundestag\/ausschuesse17\/a04\/Anhoerungen\/Anhoerung29\/Stellungnahmen_SV\/Stellungnahme_04.pdf\">f\u00fcr die Integration in das VwVfG aus<\/a>, begr\u00fc\u00dft aber die zwangsweise Zugangser\u00f6ffnung, fordert indes Technikoffenheit.<\/li>\n<li>Dirk Stocksmeier als Vertreter der von dem Projekt profitierenden IT-Branche <a title=\"Deutscher Bundestag (Innenausschuss) | Ausschussdrucksache (init AG) zur Anh\u00f6rung vom 20. M\u00e4rz 2013 (20. M\u00e4rz 2013)\" href=\"http:\/\/www.bundestag.de\/bundestag\/ausschuesse17\/a04\/Anhoerungen\/Anhoerung29\/Stellungnahmen_SV\/Stellungnahme_05.pdf\">schreibt<\/a>:<\/li>\n<\/ul>\n<blockquote><p>Sch\u00e4tzungsweise 18 Milliarden Euro investiert die Deutsche Verwaltung j\u00e4hrlich in Informations- und Kommunikationstechnologien. Sie tut dies, um Ihre Aufgaben effektiv und kosteng\u00fcnstig zu erf\u00fcllen und f\u00fcr B\u00fcrger und Wirtschaft gute Leistungen zu erbringen.<\/p><\/blockquote>\n<p style=\"padding-left: 30px;\">Nur wer kauft, kann sparen!<\/p>\n<p><strong>[\/Nachtrag]<\/strong><\/p>\n","protected":false},"excerpt":{"rendered":"<p>Der\u00a0Entwurf des\u00a0E-Government-Gesetz des Bundes wurde wie berichtet am 21. Februar nach der ersten Lesung im Plenum des Bundestags in die Aussch\u00fcsse verwiesen. Der federf\u00fchrende Innenausschuss hat nun f\u00fcr den kommenden Mittwoch zur ersten \u00f6ffentlichen Anh\u00f6rung des Gesetzes geladen \u2013 auf &hellip; <a href=\"https:\/\/skrobotz.de\/de-mail\/?p=381\">Weiterlesen <span class=\"meta-nav\">&rarr;<\/span><\/a><\/p>\n","protected":false},"author":2,"featured_media":0,"comment_status":"closed","ping_status":"closed","sticky":false,"template":"","format":"standard","meta":{"footnotes":""},"categories":[1],"tags":[],"_links":{"self":[{"href":"https:\/\/skrobotz.de\/de-mail\/index.php?rest_route=\/wp\/v2\/posts\/381"}],"collection":[{"href":"https:\/\/skrobotz.de\/de-mail\/index.php?rest_route=\/wp\/v2\/posts"}],"about":[{"href":"https:\/\/skrobotz.de\/de-mail\/index.php?rest_route=\/wp\/v2\/types\/post"}],"author":[{"embeddable":true,"href":"https:\/\/skrobotz.de\/de-mail\/index.php?rest_route=\/wp\/v2\/users\/2"}],"replies":[{"embeddable":true,"href":"https:\/\/skrobotz.de\/de-mail\/index.php?rest_route=%2Fwp%2Fv2%2Fcomments&post=381"}],"version-history":[{"count":13,"href":"https:\/\/skrobotz.de\/de-mail\/index.php?rest_route=\/wp\/v2\/posts\/381\/revisions"}],"predecessor-version":[{"id":425,"href":"https:\/\/skrobotz.de\/de-mail\/index.php?rest_route=\/wp\/v2\/posts\/381\/revisions\/425"}],"wp:attachment":[{"href":"https:\/\/skrobotz.de\/de-mail\/index.php?rest_route=%2Fwp%2Fv2%2Fmedia&parent=381"}],"wp:term":[{"taxonomy":"category","embeddable":true,"href":"https:\/\/skrobotz.de\/de-mail\/index.php?rest_route=%2Fwp%2Fv2%2Fcategories&post=381"},{"taxonomy":"post_tag","embeddable":true,"href":"https:\/\/skrobotz.de\/de-mail\/index.php?rest_route=%2Fwp%2Fv2%2Ftags&post=381"}],"curies":[{"name":"wp","href":"https:\/\/api.w.org\/{rel}","templated":true}]}}