{"id":419,"date":"2013-04-21T19:43:43","date_gmt":"2013-04-21T19:43:43","guid":{"rendered":"http:\/\/skrobotz.de\/de-mail\/?p=419"},"modified":"2013-05-12T10:08:14","modified_gmt":"2013-05-12T10:08:14","slug":"e-government-gesetz-verabschiedet","status":"publish","type":"post","link":"https:\/\/skrobotz.de\/de-mail\/?p=419","title":{"rendered":"E-Government-Gesetz verabschiedet"},"content":{"rendered":"<p>Der Bundestag hat in seiner <a title=\"Bundestags-Protokoll 17\/234 vom 18. April 2013, S. 29326 ff.\" href=\"http:\/\/dipbt.bundestag.de\/dip21\/btp\/17\/17234.pdf\">234. Sitzung<\/a> am 18. April 2013 den von der Bundesregierung eingebrachten Entwurf eines Gesetzes zur F\u00f6rderung der elektronischen Verwaltung sowie zur \u00c4nderung weiterer Vorschriften (BT-Drs. <a title=\"Bundestags-Drucksache 17\/11473 vom 14. November 2012\" href=\"http:\/\/dipbt.bundestag.de\/dip21\/btd\/17\/114\/1711473.pdf\">17\/11473<\/a>) in der Fassung der Empfehlung des Innenausschusses (BT-Drs. <a title=\"Bundestags-Drucksache 17\/13139 vom 17. April 2013\" href=\"http:\/\/dipbt.bundestag.de\/dip21\/btd\/17\/131\/1713139.pdf\">17\/13139<\/a>) mit den Stimmen der Koalition gegen die gesammelten Stimmen der Opposition abgenickt. Die vergleichsweise Eile \u2013 der Bericht des Innenausschusses datiert erst vom Vortag; <a title=\"Beh\u00f6rden-Spiegel | E-Government-Gesetz passiert Bundestag (19. April 2013)\" href=\"http:\/\/www.behoerden-spiegel.de\/icc\/Internet\/sub\/a93\/a932d68d-a212-e31c-817f-ce17b988f2ee,,,aaaaaaaa-aaaa-aaaa-bbbb-000000000003&amp;uMen=1f75009d-e07d-f011-4e64-494f59a5fb42.htm\">die Debatte fand sp\u00e4tabends statt<\/a> \u2013 erkl\u00e4rt sich mit dem nahenden Ende der Legislaturperiode und der damit drohenden <a title=\"Wikipedia: Diskontinuit\u00e4t\" href=\"http:\/\/de.wikipedia.org\/wiki\/Diskontinuit%C3%A4tsprinzip\">Diskontinuit\u00e4t<\/a>. Nun aber kann das Gesetz alsbald dem Bundesrat zugeleitet werden, der etwa am <a title=\"E-Government-Computing | eGovernment-Gesetz auf der Zielgeraden \u2013 Bundesinnenministerium sieht Kritik aus dem Wege ger\u00e4umt (11. April 2013)\" href=\"http:\/\/www.egovernment-computing.de\/projekte\/articles\/401458\/\">3. Mai 2013<\/a> dar\u00fcber beraten kann.<\/p>\n<p>Gro\u00dfer Widerstand d\u00fcrfte dort kaum noch zu erwarten sein, nachdem das Gesetz nun die gr\u00f6\u00dften <a title=\"De-Mail-News | E-Government-Gesetz: Bundesrat hat Vorbehalte (16. November 2012)\" href=\"http:\/\/skrobotz.de\/de-mail\/?p=255\">Bedenken der L\u00e4nder<\/a> aufgegriffen hat. Die \u00c4nderungen durch den Innenausschuss gehen auf einen sicherlich zwischen dem BMI und den L\u00e4ndern abgestimmten Antrag der Koalitionsfraktionen (Ausschussdrucksache 17\u20134\u2013714) zur\u00fcck. So wurde die <a title=\"De-Mail-News | E-Government-Gesetz: Bundesrat hat Vorbehalte (16. November 2011)\" href=\"http:\/\/skrobotz.de\/de-mail\/?p=255\">vom Bundesrat geforderte<\/a> offene Formulierung zu den &#8222;sicheren \u00dcbertragungswegen&#8220; in <a href=\"http:\/\/dejure.org\/gesetze\/BVwVfG\/3a.html\" title=\"&sect; 3a BVwVfG: Elektronische Kommunikation\">\u00a7 3a Abs. 2 VwVfG<\/a> wie <a title=\"De-Mail-News | E-Government-Gesetz im Bundestag (7. Dezember 2012)\" href=\"http:\/\/skrobotz.de\/de-mail\/?p=273\">halb in Aussicht gestellt <\/a>und <a title=\"De-Mail-News | Heckmann und Albrecht zum E-Government-Gesetz (16. M\u00e4rz 2013)\" href=\"http:\/\/skrobotz.de\/de-mail\/?p=374\">zu erwarten<\/a> durch eine zus\u00e4tzliche Verordnungsgerm\u00e4chtigung realisiert. Nunmehr soll es hei\u00dfen:<\/p>\n<blockquote><p>\u201e(2) Eine durch Rechtsvorschrift angeordnete Schriftform kann, soweit nicht durch Rechtsvorschrift etwas anderes bestimmt ist, durch die elektronische Form ersetzt werden. Der elektronischen Form gen\u00fcgt ein elektronisches Dokument, das mit einer qualifizierten elektronischen Signatur nach dem Signaturgesetz versehen ist. Die Signierung mit einem Pseudonym, das die Identifizierung der Person des Signaturschl\u00fcsselinhabers nicht unmittelbar durch die Beh\u00f6rde erm\u00f6glicht, ist nicht zul\u00e4ssig. Die Schriftform kann auch ersetzt werden<br \/>\n1. durch unmittelbare Abgabe der Erkl\u00e4rung in einem elektronischen Formular, das von der Beh\u00f6rde in einem Eingabeger\u00e4t oder \u00fcber \u00f6ffentlich zug\u00e4ngliche Netze zur Verf\u00fcgung gestellt wird;<br \/>\n2. bei Antr\u00e4gen und Anzeigen durch Versendung eines elektronischen Dokuments an die Beh\u00f6rde mit der Versandart nach \u00a7 5 Absatz 5 des De-Mail-Gesetzes;<br \/>\n3. bei elektronischen Verwaltungsakten oder sonstigen elektronischen Dokumenten der Beh\u00f6rden durch Versendung einer De-Mail-Nachricht nach \u00a7 5 Absatz 5 des De-Mail-Gesetzes, bei der die Best\u00e4tigung des akkreditierten Diensteanbieters die erlassende Beh\u00f6rde als Nutzer des De-Mail-Kontos erkennen l\u00e4sst;<br \/>\n<em>4. durch sonstige sichere Verfahren, die durch Rechtsverordnung der Bundesregierung mit Zustimmung des Bundesrates festgelegt werden, welche den Daten\u00fcbermittler (Absender der Daten) authentifizieren und die Integrit\u00e4t des elektronisch \u00fcbermittelten Datensatzes sowie die Barrierefreiheit gew\u00e4hrleisten; der IT-Planungsrat gibt Empfehlungen zu geeigneten Verfahren ab.<\/em><br \/>\nIn den F\u00e4llen des Satzes 4 Nummer 1 muss bei einer Eingabe \u00fcber \u00f6ffentlich zug\u00e4ngliche Netze ein sicherer Identit\u00e4tsnachweis nach \u00a7 18 des Personalausweisgesetzes oder nach <a href=\"http:\/\/dejure.org\/gesetze\/AufenthG\/78.html\" title=\"&sect; 78 AufenthG: Dokumente mit elektronischem Speicher- und Verarbeitungsmedium\">\u00a7 78 Absatz 5<\/a> des Aufenthaltsgesetzes erfolgen.\u201c<\/p><\/blockquote>\n<p><!--more--><\/p>\n<p>Allerdings wurde der Geltungsbereich des E-Government-Gesetzes (\u00a7 1 Abs. 2) erweitert; es erfasst nun auch unmittelbar die T\u00e4tigkeit der Gemeinden und Gemeindeverb\u00e4nde, soweit sie Bundesrecht ausf\u00fchren. Das aber wohl nur aus rechtstechnischen Gr\u00fcnden (<a href=\"http:\/\/dejure.org\/Drucksachen\/Bundestag\/BT-Drs.17\/13139#Seite=23\" title=\"Bundestagsdrucksache zu: Gesetz zur F&ouml;rderung der elektronischen Verwaltung sowie zur &Auml;nderung ...\">BT-Drs.17\/13139 S. 23<\/a>). Auch bleibt es bei der von den L\u00e4ndern ger\u00fcgten Verpflichtung aller Beh\u00f6rden, den elektronischen Zugang zu er\u00f6ffnen. Die vom Bundesrat bef\u00fcrchteten erheblichen Kosten sieht der Innenausschuss aber wohl nicht auf die L\u00e4nder zukommen. Hierbei kann er sich auf die <a title=\"Beh\u00f6rden-Spiegel | Viel De-Mail, wenig E-Government (21. M\u00e4rz 2013)\" href=\"http:\/\/www.behoerden-spiegel.de\/icc\/Internet\/sub\/b4e\/b4e7b7ee-07a8-d316-f60c-9157b988f2ee,,,aaaaaaaa-aaaa-aaaa-bbbb-000000000003&amp;uMen=1f75009d-e07d-f011-4e64-494f59a5fb42.htm\">Einsch\u00e4tzung des Deutschen St\u00e4dtetages<\/a> st\u00fctzen:<\/p>\n<blockquote><p>F\u00fcr die Opposition \u00fcberraschend, waren die sehr klaren Aussagen von Dr. Helmut Fogt vom Deutschen St\u00e4dtetag zu den zu erwartenden Kosten f\u00fcr die Kommunen durch die Umsetzung des Gesetzes. \u201eDie Anforderungen durch das Gesetz haben wir l\u00e4ngst erf\u00fcllt oder sind dabei sie zu erf\u00fcllen\u201c, so der Beigeordnete des Kommunalen Spitzenverbandes. Das Gesetz w\u00fcrde lediglich verpflichten, eine E-Mail-Adresse einzurichten und auf einer Internetseite \u00fcber Kontaktdaten und Verfahrensangaben zu informieren, dies h\u00e4tten alle Kommunen bereits. F\u00fcr die zu schaffende M\u00f6glichkeit der elektronischen Bezahlung gen\u00fcge die Angabe der Kontodaten, au\u00dferdem arbeiten die L\u00e4nder bereits an einer E-Pay-L\u00f6sung, die dann auch f\u00fcr die Kommunen gelten k\u00f6nnte. Das Einrichten einer De-Mail-Adresse w\u00fcrde im Bereich von einigen tausend Euro liegen und w\u00e4re von den Kosten her vernachl\u00e4ssigbar, so Fogt. Auch auf die Nachfrage von Gerold Reichenbach (SPD) zu den Kosten der elektronischen Archivierung reagierte Fogt entspannt und verwies darauf, dass die digitale Aufbewahrung sehr viel kosteng\u00fcnstiger sei als die papierene.<\/p><\/blockquote>\n<p>Entsprechend <a title=\"Beh\u00f6rden-Spiegel | Viel De-Mail, wenig E-Government (21. M\u00e4rz 2013)\" href=\"http:\/\/www.behoerden-spiegel.de\/icc\/Internet\/sub\/b4e\/b4e7b7ee-07a8-d316-f60c-9157b988f2ee,,,aaaaaaaa-aaaa-aaaa-bbbb-000000000003&amp;uMen=1f75009d-e07d-f011-4e64-494f59a5fb42.htm\">konzentrierte <\/a>sich die Debatte im Innenausschuss wie im Plenum auf die vom CCC wieder aufgeworfene Frage der <a title=\"De-Mail-News | E-Government-Gesetz: Anh\u00f6rung im Innenausschuss (18. M\u00e4rz 2013)\" href=\"http:\/\/skrobotz.de\/de-mail\/?p=381\">Datensicherheit von De-Mail<\/a>. Seine <a title=\"Chaos Computer Club: Sicherheit von De-Mail nur ein schlechter Witz (19. M\u00e4rz 2013)\" href=\"http:\/\/ccc.de\/de\/updates\/2013\/stellungnahmedemail\">Stellungnahme<\/a>, die Sicherheit De-Mail sei &#8222;ein schlechter Witz&#8220;, auch <a title=\"Netzpolitik.org | Linus Neumann: Rechtsverbindliche Kommunikation per De-Mail? (15. April 2013)\" href=\"https:\/\/netzpolitik.org\/2013\/rechtsverbindliche-kommunikation-per-de-mail\/\">wegen der Signierung der Nachrichten durch den Diensteanbieter anstelle des B\u00fcrgers<\/a>, <a title=\"Der Westen | Chaos Computer Club wettert weiter gegen De-Mail (15. April 2013)\" href=\"http:\/\/www.derwesten.de\/wirtschaft\/digital\/chaos-computer-club-wettert-weiter-gegen-de-mail-id7841947.html\">beherrschte <\/a><a title=\"Golem.de | De-Mail bedeutet das Ende der kostenfreien E-Mail (15. April 2013)\" href=\"http:\/\/www.golem.de\/news\/chaos-computer-club-de-mail-soll-kostenfreiheit-der-e-mail-beseitigen-1304-98721.html\">die<\/a> (<a title=\"heise.de | Chaos Computer Club warnt weiter vor De-Mail (15. April 2013)\" href=\"http:\/\/heise.de\/-1842243\">elektronischen<\/a>) <a title=\"heise.de | E-Government: &quot;Unsicherheit per Gesetz&quot; (19. April 2013)\" href=\"http:\/\/heise.de\/-1845320\">Medien<\/a> samt <a title=\"FAZ | DE-Mail \u2013 Einschreiben im Klarsichtumschlag (17. April 2013)\" href=\"http:\/\/www.faz.net\/aktuell\/technik-motor\/computer-internet\/de-mail-einschreiben-im-klarsichtumschlag-12149204.html\">FAZ<\/a>, <a title=\"Bayerischer Rundfunk | Briefersatz De-Mail \u2013 Super-E-Mail mit Startproblemen (17. April 2013)\" href=\"http:\/\/www.br.de\/themen\/ratgeber\/inhalt\/computer\/de-mail-102.html\">BR<\/a> und <a title=\"Spiegel Online | Trotz Experten-Kritik: Bundestag erkl\u00e4rt De-Mail per Gesetz f\u00fcr sicher (19. April 2013)\" href=\"http:\/\/www.spiegel.de\/netzwelt\/netzpolitik\/de-mail-bundestag-erklaert-bundes-mail-per-gesetz-als-sicher-a-895361.html\">Spiegel Online<\/a>. Die Opposition <a title=\"Golem.de | E-Government-Gesetz: De-Mail per Gesetz f\u00fcr sicher erkl\u00e4rt (20. April 2013)\" href=\"http:\/\/www.golem.de\/news\/e-government-gesetz-de-mail-per-gesetz-fuer-sicher-erklaert-1304-98842.html\">griff das auf<\/a>: Der Gr\u00fcne <a title=\"Konstantin von Notz, MdB (B90\/Gr\u00fcne)\" href=\"http:\/\/von-notz.de\/\">Konstantin von Notz<\/a> zitierte <a title=\"Bundestags-Protokoll 17\/234 vom 18. April 2013, S. 29334\" href=\"http:\/\/dipbt.bundestag.de\/dip21\/btp\/17\/17234.pdf\">gen\u00fcsslich<\/a> (&#8222;Ich zitiere jetzt einmal Sascha Lobo \u2013 ich wollte das schon immer einmal machen \u2013, &#8230;&#8220;) Sascha Lobos\u00a0<a title=\"Spiegel Online | Sascha Lobo: Die Mensch-Maschine: De-Mail ist ein De-Bakel (16. April 2013)\" href=\"http:\/\/www.spiegel.de\/netzwelt\/web\/staatsprojekt-de-mail-taugt-als-vorzeigemisserfolg-a-894557.html\">SPON-Kolumne<\/a> \u00fcber De-Mail als &#8222;De-Bakel&#8220;, &#8222;De-Fail&#8220; und &#8222;digitaler Hauptstadtflughafen.&#8220; Und <a title=\"Gerold Reichenbach, MdB (SPD)\" href=\"http:\/\/www.gerold-reichenbach.de\/869.0.html\">Gerold Reichenbach<\/a> von der SPD erinnerte daran, dass der auch von Innenstaatssekret\u00e4r Schr\u00f6der wie vom CDU-Berichterstatter Binninger <a title=\"Bundestags-Protokoll 17\/234 vom 18. April 2013, S. 29327 und 29332\" href=\"http:\/\/dipbt.bundestag.de\/dip21\/btp\/17\/17234.pdf\">wiederum gezogene<\/a>\u00a0<a title=\"Spiegel Online | Trotz Experten-Kritik: Bundestag erkl\u00e4rt De-Mail per Gesetz f\u00fcr sicher (19. April 2013)\" href=\"http:\/\/www.spiegel.de\/netzwelt\/netzpolitik\/de-mail-bundestag-erklaert-bundes-mail-per-gesetz-als-sicher-a-895361.html\">Vergleich mit dem Fax<\/a> hinke. Denn Faxe w\u00fcrden dezentral versandt, derweil alle De-Mails \u00fcber ganz wenige, letztlich vier zentrale Server der Anbieter liefen. Das mache diese Server zu perfekten Angriffszielen f\u00fcr Hacker (<a title=\"Bundestags-Protokoll 17\/234 vom 18. April 2013, S. 29329\" href=\"http:\/\/dipbt.bundestag.de\/dip21\/btp\/17\/17234.pdf\">BT-Prot. 17\/234 S. 29329<\/a>).<\/p>\n<p>Gerade diesem Argument suchen die De-Mail-Anbieter entgegenzutreten. Just in dieser Woche lud die Telekom in ihren De-Mail-Serverpark. Detlef Borchers nahm f\u00fcr heise.de gern an und <a title=\"heise.de | Rechenzentrum f\u00fcr De-Mail: Besuch im K\u00e4fig (19. April 2013)\" href=\"http:\/\/heise.de\/-1845273\">berichtet h\u00f6chst informativ<\/a> und umfangreich bebildert \u00fcber die implementieren technischen Sicherheitsvorkehrungen:<\/p>\n<blockquote><p>In einem Frankfurter Vorort gibt es f\u00fcr De-Mail ein ganz besonderes Rechenzentrum. Das Gel\u00e4nde ist mit Z\u00e4unen abgesperrt, dahinter der Perimeterschutz gegen angreifende Bulldozer. Wer als Mensch die Geb\u00e4ude betreten will, muss drei Sicherheitszonen \u00fcber Vereinzelungsschleusen durchqueren, ehe er in die Serverr\u00e4ume kommt, in denen in langen Reihen von Racks die Server, Switches und Router stehen (die Hardware kommt von HP und Cisco). In einem von ihnen, noch einmal durch einen Drahtk\u00e4fig gesichert, stehen die De-Mail-Server der Deutschen Telekom (f\u00fcr Privatkunden), von T-Systems (f\u00fcr Gesch\u00e4ftskunden) und eine Plattform, auf der Entwickler neue Ideen rund um De-Mail ausprobieren. Wer den K\u00e4fig betreten will, braucht einen Begleiter: Der alleinige Aufenthalt einer Person ist untersagt und f\u00fchrt zum Alarm. Wenn ein Techniker eine defekte Hardware austauschen muss, soll er dies nur unter Aufsicht tun.<\/p><\/blockquote>\n<p>Unbill k\u00f6nnte dem Gesetz freilich noch von ganz anderer Seite drohen: aus Europa. Die Post hat sich nach ihrem <a title=\"FAZ | Deutsche Post will keine De-Mails zustellen (12. April 2013)\" href=\"http:\/\/www.faz.net\/aktuell\/wirtschaft\/unternehmen\/ausstieg-deutsche-post-will-keine-de-mails-zustellen-12145630.html\">Ausstieg aus der De-Mail<\/a> wegen vermeintlicher <a title=\"De-Mail-News | PostIdent nicht De-Mail-G-konform? (7. M\u00e4rz 2013)\" href=\"http:\/\/skrobotz.de\/de-mail\/?p=342\">Inkompatibilit\u00e4ten ihres Post-Ident-Verfahrens<\/a> an die Europ\u00e4ische Kommission gewandt. Sie sieht, <a title=\"E-Government-Computing | Das sind die Argumente der Deutschen Post \u2013 Post ist sicher: \u201eeGovernment-Gesetz nicht mit EU-Recht vereinbar\u201c (19. April 2013)\" href=\"http:\/\/www.egovernment-computing.de\/projekte\/articles\/402338\/\">wie E-Government-Computing berichtet<\/a>, in der Protektion der De-Mail in den Regelungen zur elektronischen Schriftform und zur produktorientierten Standardisierung der elektronischen Beh\u00f6rdenpost einen klaren Versto\u00df gegen europ\u00e4isches Recht. Anbieter wie die Post, doch auch und vor allem ausl\u00e4ndische Anbieter, w\u00fcrden benachteiligt. Die Bundesregierung habe die Notifizierungspflicht nach der <a title=\"EurLex | Richtlinie 98\/34\/EG des Europ\u00e4ischen Parlaments und des Rates vom 22. Juni 1998 \u00fcber ein Informationsverfahren auf dem Gebiet der Normen und technischen Vorschriften\" href=\"http:\/\/eur-lex.europa.eu\/LexUriServ\/LexUriServ.do?uri=CELEX:31998L0034:de:NOT\">Richtlinie 98\/34\/EG<\/a> verletzt.Das greift die hier bereits dargestellten <a title=\"De-Mail-News | Heckmann und Albrecht zum E-Government-Gesetz (16. M\u00e4rz 2013)\" href=\"http:\/\/skrobotz.de\/de-mail\/?p=374\">Bedenken von Heckmann und Albrecht<\/a> auf.<\/p>\n<p style=\"text-align: center;\">* * *<\/p>\n<p>Siehe auch den wie stets lesenswerten <a title=\"heise.de | Hal Faber: Was war. Was wird. (21. April 2013)\" href=\"http:\/\/heise.de\/-1846650\">Wochenr\u00fcckblick von Hal Faber<\/a>.<\/p>\n<p style=\"text-align: center;\">* * *<\/p>\n<p>[<strong>Nachtrag<\/strong> 2013-05.22] Der Gesetzentwurf wird voraussichtlich <a title=\"Bundesrat: 921. Sitzung des Innenausschusses\" href=\"http:\/\/www.bundesrat.de\/cln_320\/nn_8338\/SharedDocs\/Auschuesse-Termine-To\/in\/termine-to\/2013-05-22.html?__nnn=true\">am 22. Mai 2013<\/a> Thema im Innenausschuss des Bundesrates sein (<a title=\"Bundesrats-Drucksache 356\/13 vom 17. Mai 2013\" href=\"http:\/\/www.bundesrat.de\/cln_320\/nn_6898\/SiteGlobals\/Forms\/Suche\/serviceSucheForm-2010,templateId=processForm.html\">BR-Drs 356\/13<\/a>). [\/Nachtrag]<\/p>\n","protected":false},"excerpt":{"rendered":"<p>Der Bundestag hat in seiner 234. Sitzung am 18. April 2013 den von der Bundesregierung eingebrachten Entwurf eines Gesetzes zur F\u00f6rderung der elektronischen Verwaltung sowie zur \u00c4nderung weiterer Vorschriften (BT-Drs. 17\/11473) in der Fassung der Empfehlung des Innenausschusses (BT-Drs. 17\/13139) &hellip; <a href=\"https:\/\/skrobotz.de\/de-mail\/?p=419\">Weiterlesen <span class=\"meta-nav\">&rarr;<\/span><\/a><\/p>\n","protected":false},"author":2,"featured_media":0,"comment_status":"closed","ping_status":"closed","sticky":false,"template":"","format":"standard","meta":{"footnotes":""},"categories":[1],"tags":[],"_links":{"self":[{"href":"https:\/\/skrobotz.de\/de-mail\/index.php?rest_route=\/wp\/v2\/posts\/419"}],"collection":[{"href":"https:\/\/skrobotz.de\/de-mail\/index.php?rest_route=\/wp\/v2\/posts"}],"about":[{"href":"https:\/\/skrobotz.de\/de-mail\/index.php?rest_route=\/wp\/v2\/types\/post"}],"author":[{"embeddable":true,"href":"https:\/\/skrobotz.de\/de-mail\/index.php?rest_route=\/wp\/v2\/users\/2"}],"replies":[{"embeddable":true,"href":"https:\/\/skrobotz.de\/de-mail\/index.php?rest_route=%2Fwp%2Fv2%2Fcomments&post=419"}],"version-history":[{"count":7,"href":"https:\/\/skrobotz.de\/de-mail\/index.php?rest_route=\/wp\/v2\/posts\/419\/revisions"}],"predecessor-version":[{"id":448,"href":"https:\/\/skrobotz.de\/de-mail\/index.php?rest_route=\/wp\/v2\/posts\/419\/revisions\/448"}],"wp:attachment":[{"href":"https:\/\/skrobotz.de\/de-mail\/index.php?rest_route=%2Fwp%2Fv2%2Fmedia&parent=419"}],"wp:term":[{"taxonomy":"category","embeddable":true,"href":"https:\/\/skrobotz.de\/de-mail\/index.php?rest_route=%2Fwp%2Fv2%2Fcategories&post=419"},{"taxonomy":"post_tag","embeddable":true,"href":"https:\/\/skrobotz.de\/de-mail\/index.php?rest_route=%2Fwp%2Fv2%2Ftags&post=419"}],"curies":[{"name":"wp","href":"https:\/\/api.w.org\/{rel}","templated":true}]}}