{"id":541,"date":"2013-08-02T08:46:01","date_gmt":"2013-08-02T08:46:01","guid":{"rendered":"http:\/\/skrobotz.de\/de-mail\/?p=541"},"modified":"2013-08-02T08:46:01","modified_gmt":"2013-08-02T08:46:01","slug":"kubicek-de-mail-ist-eine-mogelpackung","status":"publish","type":"post","link":"https:\/\/skrobotz.de\/de-mail\/?p=541","title":{"rendered":"Kubicek: &#8222;De-Mail ist eine Mogelpackung&#8220;"},"content":{"rendered":"<p>Auch <a title=\"Wikipedia: Herbert Kubicek\" href=\"http:\/\/de.wikipedia.org\/wiki\/Herbert_Kubicek\">Herbert Kubicek<\/a>, emeritierter Bremer Informatikprofessor und ausgesprochener Fachmann in Fragen des Datenschutzes, teilt die <a title=\"De-Mail-News | PRISM und die Ende-zu-Ende-Verschl\u00fcsselung der De-Mail (17. Juli 2013)\" href=\"http:\/\/skrobotz.de\/de-mail\/?p=518\">Fassungslosigkeit<\/a> angesichts der\u00a0<a title=\"FAZ | Im Gespr\u00e4ch: CSU-Politiker Uhl \u2013 \u201eDie Regierung kann deine Daten nicht sch\u00fctzen\u201c (17. Juli 2013)\" href=\"http:\/\/www.faz.net\/aktuell\/politik\/im-gespraech-csu-politiker-uhl-die-regierung-kann-deine-daten-nicht-schuetzen-12285705.html\">\u00c4u\u00dferungen unserer Innenpolitiker<\/a>, die B\u00fcrger sollten sich selbst vor den Angriffen ausl\u00e4ndischer Geheimdienste <a title=\"Internet.Law | Das Supergrundrecht hei\u00dft Menschenw\u00fcrde (25. Juli 2013)\" href=\"http:\/\/www.internet-law.de\/2013\/07\/das-supergrundrecht-heist-menschenwurde.html\">auf<\/a> <a title=\"Frankfurter Rundschau (Udo Vetter \/ Lawblog) | Amerika sp\u00e4ht, Europa schl\u00e4ft (30. Juli 2013)\" href=\"http:\/\/www.fr-online.de\/meinung\/analyse-zu-prism-amerika-spaeht--europa-schlaeft,1472602,23866648.html\">ihre<\/a> <a title=\"Internet-Law | Das Internet ist ein grundrechtsfreier Raum (1. August 2013)\" href=\"http:\/\/www.internet-law.de\/2013\/08\/das-internet-ist-ein-grundrechtsfreier-raum.html\">Grundrechte<\/a> sch\u00fctzen. Im <a title=\"Weser-Kurier | &quot;Recht auf Vertraulichkeit&quot; \u2013 Bremer Wissenschaftler zu Datensicherheit (1. August 2013)\" href=\"http:\/\/www.weser-kurier.de\/bremen\/vermischtes2_artikel,-Recht-auf-Vertraulichkeit-_arid,627229.html\">Gespr\u00e4ch mit dem Weser-Kurier<\/a> sagt er:<\/p>\n<blockquote><p><strong>Bundesinnenminister Hans-Peter Friedrich fordert die B\u00fcrger auf, sich selbst vor \u00dcberwachung zu sch\u00fctzen.<\/strong><\/p>\n<p>Das halte ich f\u00fcr einen ungeeigneten Ablenkungsversuch von eigenen Pflichtvers\u00e4umnissen. Als Schutz vor staatlicher \u00dcberwachung sind Virenscanner und Verschl\u00fcsselung v\u00f6llig untaugliche Mittel. Die Vertraulichkeit unserer E-Mail-Kontakte und die M\u00f6glichkeit, anonym zu kommunizieren, sind gesetzlich verankerte Rechte, die der Staat garantieren muss und nicht auf die Internetnutzer abw\u00e4lzen darf.<\/p><\/blockquote>\n<p>Zudem sei, anders als Friedrich und Uhl andeuten, die De-Mail auch gar nicht geeignet, den Sp\u00e4hprogrammen der Geheimdienste etwas entgegenzusetzen:<\/p>\n<blockquote><p><strong>Die Bundesregierung hat die De-Mail entwickeln lassen, auch Sie waren daran beteiligt. Es wird mit staatlicher garantierter Sicherheit geworben \u2013 ist das eine \u00fcberwachungssichere Alternative?<\/strong><\/p>\n<p>Nein. De-Mail ist in dieser Hinsicht eine Mogelpackung. Sie ist gerade nicht anonym. Sie ist eigentlich nur f\u00fcr Verwaltungskontakte gedacht ist und User m\u00fcssen sich mit dem Personalausweis identifizieren.<\/p>\n<p>&#8230;<\/p>\n<p>Nicht der Nutzer, sondern der Provider verschl\u00fcsselt die Nachrichten. Der Betreuungsaufwand f\u00fcr Kompatibilt\u00e4tsprobleme bei einer vollst\u00e4ndigen Verschl\u00fcsselung vom Absender bis zum Empf\u00e4nger war den Providern zu hoch und das Bundesinnenministerium hat sie dazu auch nicht gedr\u00e4ngt. Auch De-Mail ist wie eine Postkarte, die erst beim Versand zwischen den beteiligten Providern in einen Umschlag gesteckt wird. Vorher kann sie jeder lesen.<\/p><\/blockquote>\n<p>Das ganze Interview findet sich\u00a0<a title=\"Weser-Kurier | &quot;Recht auf Vertraulichkeit&quot; \u2013 Bremer Wissenschaftler zu Datensicherheit (1. August 2013)\" href=\"http:\/\/www.weser-kurier.de\/bremen\/vermischtes2_artikel,-Recht-auf-Vertraulichkeit-_arid,627229.html\">hier<\/a>.<\/p>\n","protected":false},"excerpt":{"rendered":"<p>Auch Herbert Kubicek, emeritierter Bremer Informatikprofessor und ausgesprochener Fachmann in Fragen des Datenschutzes, teilt die Fassungslosigkeit angesichts der\u00a0\u00c4u\u00dferungen unserer Innenpolitiker, die B\u00fcrger sollten sich selbst vor den Angriffen ausl\u00e4ndischer Geheimdienste auf ihre Grundrechte sch\u00fctzen. Im Gespr\u00e4ch mit dem Weser-Kurier sagt &hellip; <a href=\"https:\/\/skrobotz.de\/de-mail\/?p=541\">Weiterlesen <span class=\"meta-nav\">&rarr;<\/span><\/a><\/p>\n","protected":false},"author":2,"featured_media":0,"comment_status":"closed","ping_status":"closed","sticky":false,"template":"","format":"standard","meta":{"footnotes":""},"categories":[1],"tags":[],"_links":{"self":[{"href":"https:\/\/skrobotz.de\/de-mail\/index.php?rest_route=\/wp\/v2\/posts\/541"}],"collection":[{"href":"https:\/\/skrobotz.de\/de-mail\/index.php?rest_route=\/wp\/v2\/posts"}],"about":[{"href":"https:\/\/skrobotz.de\/de-mail\/index.php?rest_route=\/wp\/v2\/types\/post"}],"author":[{"embeddable":true,"href":"https:\/\/skrobotz.de\/de-mail\/index.php?rest_route=\/wp\/v2\/users\/2"}],"replies":[{"embeddable":true,"href":"https:\/\/skrobotz.de\/de-mail\/index.php?rest_route=%2Fwp%2Fv2%2Fcomments&post=541"}],"version-history":[{"count":1,"href":"https:\/\/skrobotz.de\/de-mail\/index.php?rest_route=\/wp\/v2\/posts\/541\/revisions"}],"predecessor-version":[{"id":542,"href":"https:\/\/skrobotz.de\/de-mail\/index.php?rest_route=\/wp\/v2\/posts\/541\/revisions\/542"}],"wp:attachment":[{"href":"https:\/\/skrobotz.de\/de-mail\/index.php?rest_route=%2Fwp%2Fv2%2Fmedia&parent=541"}],"wp:term":[{"taxonomy":"category","embeddable":true,"href":"https:\/\/skrobotz.de\/de-mail\/index.php?rest_route=%2Fwp%2Fv2%2Fcategories&post=541"},{"taxonomy":"post_tag","embeddable":true,"href":"https:\/\/skrobotz.de\/de-mail\/index.php?rest_route=%2Fwp%2Fv2%2Ftags&post=541"}],"curies":[{"name":"wp","href":"https:\/\/api.w.org\/{rel}","templated":true}]}}