{"id":621,"date":"2013-11-05T15:53:47","date_gmt":"2013-11-05T15:53:47","guid":{"rendered":"http:\/\/skrobotz.de\/de-mail\/?p=621"},"modified":"2013-11-06T05:43:04","modified_gmt":"2013-11-06T05:43:04","slug":"digitales-deutschland-2020","status":"publish","type":"post","link":"https:\/\/skrobotz.de\/de-mail\/?p=621","title":{"rendered":"&#8222;Digitales Deutschland 2020&#8220;"},"content":{"rendered":"<p>Der <a title=\"IT-Planungsrat\" href=\"http:\/\/www.it-planungsrat.de\/DE\/Home\/home_node.html\">IT-Planungsrat,<\/a> die auf <a href=\"http:\/\/dejure.org\/gesetze\/GG\/91c.html\" title=\"Art. 91c GG\">Art. 91c GG<\/a> gest\u00fctzte L\u00f6sung des Problems &#8222;F\u00f6deralismus in Zeiten des Internet&#8220;, legte gestern die Studie &#8222;<a title=\"IT-Planungsrat | Studie &quot;Zukunftspfade Digitales Deutschland 2020&quot; (4. November 2013)\" href=\"http:\/\/www.it-planungsrat.de\/SharedDocs\/Downloads\/DE\/Pressemitteilung\/Studie_Zukunftspfade.pdf?__blob=publicationFile\">Zukunftspfade \u2013 Digitales Deutschland 2020<\/a>&#8220; vor. In der Pressemitteilung hei\u00dft es:<\/p>\n<blockquote><p>[In der Studie] werden die gesellschaftspolitisch wichtigsten Bereiche der Digitalisierung analysiert. Neben den digitalen Trends in Politik und Verwaltung geh\u00f6ren dazu auch Grundlagenthemen wie Infrastruktur, Souver\u00e4nit\u00e4t, Sicherheit und Datenschutz sowie die digitalen Lebenswelten der B\u00fcrger (Verwaltung, Arbeit, Verkehr und Mobilit\u00e4t, Umwelt und Energie, Gesundheit und Kultur).<\/p><\/blockquote>\n<p><!--more--><\/p>\n<p>Hierf\u00fcr stellt das 76-seitige PDF in vielen, vielen Graphiken, Diagrammen und Zitaten die Ergebnisse einer &#8222;Befragung von Experten aus dem digitalen bzw. IKT-Umfeld&#8220; dar, die so un\u00fcbertroffen gut und werthaltig ist, dass darauf gleich mehrfach hingewiesen werden muss:\u00a0<\/p>\n<blockquote><p>Hinsichtlich der beruflichen Erfahrungsjahre der Befragten im Bereich IKT?\/ Digitalisierung zeigt sich deutlich, dass sich die Stichprobe vor allem aus sehr erfahrenen Experten zusammensetzt. &#8230;<br \/>\nBezogen auf die fachliche Herkunft der Befragten zeigt sich eine gute Mischung besonders aus Verwaltung, Wirtschaft und Wissenschaft.\u00a0&#8230;\u00a0<br \/>\nDie Zusammensetzung der Experten in der Stichprobe deutet auf eine hohe Qualit\u00e4t der Antworten hin, da zum einen sehr erfahrene Experten an der Befragung teilgenommen haben, zum anderen diese unterschiedliche Hintergrunde haben (Verwaltung, Wirtschaft, Wissenschaft) und damit verschiedene Sichtweisen einen Einfluss auf die Ergebnisse haben.<\/p><\/blockquote>\n<p align=\"left\">Dankenswerterweise f\u00fcr den IT-Planungsrat \u2013 ein Gremium zur Koordinierung der IT-Aufgaben von Bund und L\u00e4ndern, das sich die Entwicklung von ganzheitlichen, \u00fcbergreifenden Digitalisierungs- und IT-Strategien zur Aufgabe gemacht hat \u2013 kommt die Studie zu dem Ergebnis:<\/p>\n<blockquote>\n<p align=\"left\">Die Ergebnisse der Expertenbefragung und die daraus abgeleiteten Erkenntnisse zeigen, dass eine ganzheitliche, \u00fcbergreifende Digitalisierungs- und IT-Strategie fur Deutschland zeitnah zwingend erforderlich ist. Nur so sind die zuk\u00fcnftigen Potenziale des digitalen Wandels zum Wohle der Gesellschaft und der Wirtschaft bestm\u00f6glich nutzbar. Daher bedarf es eines gemeinsamen Vorgehens und zeitnaher Ma\u00dfnahmen zur Gestaltung der IT- Systeme und Infrastrukturen in den verschiedenen Lebenswelten der B\u00fcrger&#8230;<\/p>\n<p align=\"left\">Um gest\u00e4rkt aus der Digitalisierung hervorzugehen, muss der Staat seine Gestaltungsm\u00f6glichkeiten aussch\u00f6pfen und die Grundlagenthemen bei der\u00a0Weiterentwicklung der Vernetzung priorisieren. Im f\u00f6deralen Kontext soll der IT-Planungsrat bei der Gestaltung der Digitalisierung eine treibende Rolle als steuernder Moderator, Koordinator und gestaltende Kraft einnehmen.<\/p>\n<\/blockquote>\n<p>Gut.<\/p>\n<p>Aber nicht hierum geht es mir. Sondern um die doch recht bescheidene Rolle, die die De-Mail und der <a title=\"Netzpolitik.org | Wie das Bundesinnenministerium den E-Perso mit einer PR-Strategie sch\u00f6nredet und dabei netzpolitik.org und den CCC f\u00fcrchtet (28. Oktober 2013)\" href=\"https:\/\/netzpolitik.org\/2013\/wie-das-bundesinnenministerium-den-e-perso-mit-einer-pr-strategie-schoenredet-und-dabei-netzpolitik-org-und-den-ccc-fuerchtet\/\">&#8222;neue&#8220;<\/a> Personalausweis in den Augen des IT-Planungsrates in den kommenden f\u00fcnf bis zehn Jahren spielen werden:<\/p>\n<blockquote><p>Eine passende Infrastruktur zur sicheren Kommunikation f\u00fcr E-Government-Dienste bietet der neue elektronische Personalausweis (nPA ), der seit November 2010 ausgestellt wird und eine Online-Ausweisfunktion f\u00fcr den Einsatz an Automaten oder Terminals und im Internet beinhaltet. Dieser kann auch f\u00fcr die immer wieder diskutierte DE-Mail eingesetzt werden. Hierbei handelt es sich um einen Postfach- und Versanddienst auf elektronischer Basis, der die Schnelligkeit der E-Mail mit der Sicherheit und Verbindlichkeit der Briefpost verbindet, indem durch eine elektronische Unterschrift eine eindeutige Identifizierung stattfindet. Anbieter von DE-Mail m\u00fcssen Zulassungs- und Pr\u00fcfungsverfahren beim Bundesamt f\u00fcr die Sicherheit in der Informationstechnik durchlaufen.<\/p><\/blockquote>\n<p>\u00a0Das war&#8217;s; nicht mehr.<\/p>\n<p>Mit anderen Worten:<\/p>\n<blockquote class=\"twitter-tweet\" width=\"550\">\n<p>Vom <a href=\"https:\/\/twitter.com\/search?q=%23IT&amp;src=hash\">#IT<\/a>-Planungsrat ver\u00f6ffentlichte Studie &quot;digitale Zukunftspfade&quot; gibt dem <a href=\"https:\/\/twitter.com\/search?q=%23nPA&amp;src=hash\">#nPA<\/a> schlechte Noten: <a href=\"http:\/\/t.co\/luNCEtPxg4\">http:\/\/t.co\/luNCEtPxg4<\/a> nix Inno-Motor<\/p>\n<p>&mdash; Detlef Borchers (@dborch) <a href=\"https:\/\/twitter.com\/dborch\/statuses\/397434912200216576\">November 4, 2013<\/a><\/p><\/blockquote>\n<p><script async src=\"\/\/platform.twitter.com\/widgets.js\" charset=\"utf-8\"><\/script><\/p>\n<p>Und einen noch, als Rausschmei\u00dfer: Der Satz<\/p>\n<blockquote><p>In Anbetracht [der aktuellen Spionageaff\u00e4re und] des mangelnden Datenschutzes von online gespeicherten oder versendeten Daten, der unter anderem durch ein Fehlen international abgestimmter Gesetzgebungen entsteht, stellt der Schutz bei E-Government, der durch das Bundesamt f\u00fcr die Sicherheit in der Informationstechnik gew\u00e4hrleistet wird, eine M\u00f6glichkeit dar, dem Nutzer sein Vertrauen auf Online-Datenverkehr zur\u00fcckzugeben.<\/p><\/blockquote>\n<p>lie\u00df mich <a title=\"Die Zeit | NSA soll auch Gespr\u00e4che Merkels abgeh\u00f6rt haben (29. Oktober 2013)\" href=\"http:\/\/www.zeit.de\/politik\/ausland\/2013-10\/merkel-handy-ueberwachung-nsa-inhalte\">schmunzeln<\/a>.<\/p>\n","protected":false},"excerpt":{"rendered":"<p>Der IT-Planungsrat, die auf Art. 91c GG gest\u00fctzte L\u00f6sung des Problems &#8222;F\u00f6deralismus in Zeiten des Internet&#8220;, legte gestern die Studie &#8222;Zukunftspfade \u2013 Digitales Deutschland 2020&#8220; vor. In der Pressemitteilung hei\u00dft es: [In der Studie] werden die gesellschaftspolitisch wichtigsten Bereiche der &hellip; <a href=\"https:\/\/skrobotz.de\/de-mail\/?p=621\">Weiterlesen <span class=\"meta-nav\">&rarr;<\/span><\/a><\/p>\n","protected":false},"author":2,"featured_media":0,"comment_status":"closed","ping_status":"closed","sticky":false,"template":"","format":"standard","meta":{"footnotes":""},"categories":[1],"tags":[],"_links":{"self":[{"href":"https:\/\/skrobotz.de\/de-mail\/index.php?rest_route=\/wp\/v2\/posts\/621"}],"collection":[{"href":"https:\/\/skrobotz.de\/de-mail\/index.php?rest_route=\/wp\/v2\/posts"}],"about":[{"href":"https:\/\/skrobotz.de\/de-mail\/index.php?rest_route=\/wp\/v2\/types\/post"}],"author":[{"embeddable":true,"href":"https:\/\/skrobotz.de\/de-mail\/index.php?rest_route=\/wp\/v2\/users\/2"}],"replies":[{"embeddable":true,"href":"https:\/\/skrobotz.de\/de-mail\/index.php?rest_route=%2Fwp%2Fv2%2Fcomments&post=621"}],"version-history":[{"count":6,"href":"https:\/\/skrobotz.de\/de-mail\/index.php?rest_route=\/wp\/v2\/posts\/621\/revisions"}],"predecessor-version":[{"id":628,"href":"https:\/\/skrobotz.de\/de-mail\/index.php?rest_route=\/wp\/v2\/posts\/621\/revisions\/628"}],"wp:attachment":[{"href":"https:\/\/skrobotz.de\/de-mail\/index.php?rest_route=%2Fwp%2Fv2%2Fmedia&parent=621"}],"wp:term":[{"taxonomy":"category","embeddable":true,"href":"https:\/\/skrobotz.de\/de-mail\/index.php?rest_route=%2Fwp%2Fv2%2Fcategories&post=621"},{"taxonomy":"post_tag","embeddable":true,"href":"https:\/\/skrobotz.de\/de-mail\/index.php?rest_route=%2Fwp%2Fv2%2Ftags&post=621"}],"curies":[{"name":"wp","href":"https:\/\/api.w.org\/{rel}","templated":true}]}}