{"id":765,"date":"2014-06-23T15:37:53","date_gmt":"2014-06-23T15:37:53","guid":{"rendered":"http:\/\/skrobotz.de\/de-mail\/?p=765"},"modified":"2014-07-08T07:23:37","modified_gmt":"2014-07-08T07:23:37","slug":"de-maiziere-ueberraschend-gegen-verschluesselung","status":"publish","type":"post","link":"https:\/\/skrobotz.de\/de-mail\/?p=765","title":{"rendered":"De Maizi\u00e8re \u00fcberraschend gegen Verschl\u00fcsselung"},"content":{"rendered":"<p>Wer h\u00e4tte das gedacht?\u00a0Die Idee\u00a0des nun auch f\u00fcr Verbraucherschutz zust\u00e4ndigen Justizministeriums, mit der Ende-zu-Ende-Verschl\u00fcsselung f\u00fcr E-Mails einen <a title=\"De-Mail-News | \u201cStandardeinstellung Ende-zu-Ende-Verschl\u00fcsselung\u201d (13. Juni 2014)\" href=\"http:\/\/skrobotz.de\/de-mail\/?p=762\">&#8222;Sicherheitsgurt&#8220; im Internet<\/a> einzuf\u00fchren, st\u00f6\u00dft auf Widerstand bei dem f\u00fcr die &#8222;Sicherheitsbeh\u00f6rden&#8220; zust\u00e4ndigen Innenminister. Thomas De Maizi\u00e8re sprach sich <a title=\"heise.de | De Maizi\u00e8re gegen vorgeschriebene Ende-zu-Ende-Verschl\u00fcsselung (23. Juni 2014)\" href=\"http:\/\/heise.de\/-2236842\">Medienberichten<\/a> <a title=\"golem.de | Innenministerium bremst bei Ende-zu-Ende-Verschl\u00fcsselung (23. Juni 2014)\" href=\"http:\/\/www.golem.de\/news\/datenschutz-innenministerium-bremst-bei-ende-zu-ende-verschluesselung-1406-107380.html\">zufolge <\/a>ausgerechnet auf der <a title=\"Computas | DuD-Konferenz 2014\" href=\"http:\/\/www.computas.de\/konferenzen\/dud_2014\/DuD_2014.html\">DuD-Konferenz 2014<\/a> gegen einen staatlichen Eingriff auf diesem Gebiet aus.<\/p>\n<p>Er widersprach damit nicht nur <a title=\"iRights.info | \u201eWir m\u00fcssen bei jeder Regelung mit bedenken, ob sie auch im digitalen Raum passt\u201c (4. Juni 2014)\" href=\"http:\/\/irights.info\/artikel\/wir-muessen-bei-jeder-regelung-mit-bedenken-ob-sie-auch-im-digitalen-raum-passt\/23367\">den Staatssekret\u00e4ren des BMJV<\/a>, sondern auch der Bundes-Datenschutzbeauftragten Vo\u00dfhoff. <a title=\"BfDI | Andrea Vo\u00dfhoff begr\u00fc\u00dft \u00dcberlegungen der Bundesregierung die Ende-zu-Ende-Verschl\u00fcsselung bei eMail-Diensten vorzuschreiben (18. Juni 2014)\" href=\"http:\/\/www.bfdi.bund.de\/DE\/Oeffentlichkeitsarbeit\/Pressemitteilungen\/2014\/07_EndeZuEndeVerschluesselung.html?nn=408908\">Diese<\/a><\/p>\n<blockquote><p>begr\u00fc\u00dft \u00dcberlegungen der Bundesregierung die Ende-zu-Ende-Verschl\u00fcsselung bei eMail-Diensten vorzuschreiben<\/p>\n<p>Sollte diese Vorgabe bei den weiteren Gespr\u00e4chen zur EU-Datenschutz-Grundverordnung aufgenommen werden, so w\u00e4re das ein echter Fortschritt f\u00fcr den Datenschutz und eine deutliche Verbesserung der Vertraulichkeit der Kommunikation im Internet f\u00fcr alle B\u00fcrgerinnen und B\u00fcrger in der Europ\u00e4ischen Union.<\/p><\/blockquote>\n<p><del>Die Argumente<\/del> Das Argument des Innenressorts <del>sind<\/del> ist hinl\u00e4nglich bekannt. Auf Anfrage von <a title=\"golem.de | Innenministerium bremst bei Ende-zu-Ende-Verschl\u00fcsselung (23. Juni 2014)\" href=\"http:\/\/www.golem.de\/news\/datenschutz-innenministerium-bremst-bei-ende-zu-ende-verschluesselung-1406-107380.html\">Golem <\/a>schreibt das BMI:<\/p>\n<blockquote><p>&#8222;Ende-zu-Ende-Verschl\u00fcsselung ist f\u00fcr den &#8217;normalen&#8216; Internetnutzer mit relativ gro\u00dfen H\u00fcrden verbunden&#8220;, hie\u00df es. Dazu z\u00e4hle die Installation einer Verschl\u00fcsselungssoftware sowie die Verwaltung von Schl\u00fcsseln. Um diese H\u00fcrden nicht zu hoch zu setzen, gebe &#8222;es bei De-Mail keine verpflichtende, sondern eine optionale (zus\u00e4tzliche) Ende-zu-Ende-Verschl\u00fcsselung&#8220;, schrieb das Ministerium. Es sei aber sichergestellt, &#8222;dass die Nachrichten auf ihrem Weg durch das Internet nicht mitgelesen werden k\u00f6nnen&#8220;.<\/p><\/blockquote>\n<p><a title=\"De-Mail-News | Ein Jahr nach Snowden: Ende-zu-Ende-Verschl\u00fcsselungs-Initiativen (6. Juni 2014)\" href=\"http:\/\/skrobotz.de\/de-mail\/?p=757\">Ja<\/a>, <a title=\"De-Mail-News | Alleinstellungsmerkmal Mail-Verschl\u00fcsselung II (6. September 2013)\" href=\"http:\/\/skrobotz.de\/de-mail\/?p=570\">ja<\/a>.<\/p>\n","protected":false},"excerpt":{"rendered":"<p>Wer h\u00e4tte das gedacht?\u00a0Die Idee\u00a0des nun auch f\u00fcr Verbraucherschutz zust\u00e4ndigen Justizministeriums, mit der Ende-zu-Ende-Verschl\u00fcsselung f\u00fcr E-Mails einen &#8222;Sicherheitsgurt&#8220; im Internet einzuf\u00fchren, st\u00f6\u00dft auf Widerstand bei dem f\u00fcr die &#8222;Sicherheitsbeh\u00f6rden&#8220; zust\u00e4ndigen Innenminister. Thomas De Maizi\u00e8re sprach sich Medienberichten zufolge ausgerechnet auf &hellip; <a href=\"https:\/\/skrobotz.de\/de-mail\/?p=765\">Weiterlesen <span class=\"meta-nav\">&rarr;<\/span><\/a><\/p>\n","protected":false},"author":2,"featured_media":0,"comment_status":"closed","ping_status":"closed","sticky":false,"template":"","format":"standard","meta":{"footnotes":""},"categories":[1],"tags":[],"_links":{"self":[{"href":"https:\/\/skrobotz.de\/de-mail\/index.php?rest_route=\/wp\/v2\/posts\/765"}],"collection":[{"href":"https:\/\/skrobotz.de\/de-mail\/index.php?rest_route=\/wp\/v2\/posts"}],"about":[{"href":"https:\/\/skrobotz.de\/de-mail\/index.php?rest_route=\/wp\/v2\/types\/post"}],"author":[{"embeddable":true,"href":"https:\/\/skrobotz.de\/de-mail\/index.php?rest_route=\/wp\/v2\/users\/2"}],"replies":[{"embeddable":true,"href":"https:\/\/skrobotz.de\/de-mail\/index.php?rest_route=%2Fwp%2Fv2%2Fcomments&post=765"}],"version-history":[{"count":3,"href":"https:\/\/skrobotz.de\/de-mail\/index.php?rest_route=\/wp\/v2\/posts\/765\/revisions"}],"predecessor-version":[{"id":769,"href":"https:\/\/skrobotz.de\/de-mail\/index.php?rest_route=\/wp\/v2\/posts\/765\/revisions\/769"}],"wp:attachment":[{"href":"https:\/\/skrobotz.de\/de-mail\/index.php?rest_route=%2Fwp%2Fv2%2Fmedia&parent=765"}],"wp:term":[{"taxonomy":"category","embeddable":true,"href":"https:\/\/skrobotz.de\/de-mail\/index.php?rest_route=%2Fwp%2Fv2%2Fcategories&post=765"},{"taxonomy":"post_tag","embeddable":true,"href":"https:\/\/skrobotz.de\/de-mail\/index.php?rest_route=%2Fwp%2Fv2%2Ftags&post=765"}],"curies":[{"name":"wp","href":"https:\/\/api.w.org\/{rel}","templated":true}]}}