{"id":984,"date":"2015-09-28T11:01:17","date_gmt":"2015-09-28T11:01:17","guid":{"rendered":"http:\/\/skrobotz.de\/de-mail\/?p=984"},"modified":"2015-09-28T11:01:17","modified_gmt":"2015-09-28T11:01:17","slug":"de-mail-im-ausschuss-digitale-agenda","status":"publish","type":"post","link":"https:\/\/skrobotz.de\/de-mail\/?p=984","title":{"rendered":"De-Mail im &#8222;Ausschuss Digitale Agenda&#8220;"},"content":{"rendered":"<p>Am 23. September 2015 diskutierte der <a href=\"http:\/\/www.bundestag.de\/ada\">Ausschuss &#8222;Digitale Agenda&#8220;<\/a> des Bundestages unter anderem den &#8222;Bericht der Bundesregierung zum Thema aktueller Stand De-Mail&#8220;. <a href=\"http:\/\/www.bundestag.de\/blob\/388416\/c1ebd56da9d9cde99a6f8b44e2e0af53\/18wp-43-data.pdf\">Die Sitzung<\/a> war nicht-\u00f6ffentlich, ebenso\u00a0 wie der Bericht, wenn es sich nicht um den <a href=\"http:\/\/skrobotz.de\/de-mail\/?p=876\">Evaluationsbericht vom Februar 2015<\/a> handelte. Man darf aber wohl annehmen, dass Bericht wie Diskussion ein wenig entt\u00e4uschend ausfielen. Denn <a href=\"https:\/\/de.wikipedia.org\/wiki\/Thomas_Jarzombek\">Thomas Jarzombek<\/a> als Vertreter der CDU im Ausschuss l\u00e4sst <a href=\"https:\/\/www.cducsu.de\/presse\/pressemitteilungen\/de-mail-zum-erfolg-fuehren\">in einer Pressemitteilung<\/a> verlautbaren:<\/p>\n<blockquote><p>De-Mail hat leider bislang noch keinen hinreichenden Erfolg, nur rund eine Million Nutzer sind viel zu wenig. &#8230; Allein die Nutzung f\u00fcr Beh\u00f6rdenkommunikation ist zu wenig, um die Menschen f\u00fcr die Registrierung bei De-Mail zu gewinnen.<\/p><\/blockquote>\n<p>Aber: Hilfe naht! In Form von mehr Anwendungen (&#8222;Ein Beispiel k\u00f6nnte mittelfristig die Anwendung im Gesundheitsbereich sein.&#8220;) und einer leichteren Registrierung:<\/p>\n<blockquote><p>Zudem muss De-Mail vor allem bei der Registrierung einfacher werden: Es sollten k\u00fcnftig B\u00fcrger bei der Beantragung eines neuen Personalausweises in ihrem B\u00fcrgerb\u00fcro gleich eine Registrierung f\u00fcr De-Mail in einem Schritt mit erledigen k\u00f6nnen.<\/p><\/blockquote>\n<p>Ich bin gespannt!<\/p>\n","protected":false},"excerpt":{"rendered":"<p>Am 23. September 2015 diskutierte der Ausschuss &#8222;Digitale Agenda&#8220; des Bundestages unter anderem den &#8222;Bericht der Bundesregierung zum Thema aktueller Stand De-Mail&#8220;. Die Sitzung war nicht-\u00f6ffentlich, ebenso\u00a0 wie der Bericht, wenn es sich nicht um den Evaluationsbericht vom Februar 2015 &hellip; <a href=\"https:\/\/skrobotz.de\/de-mail\/?p=984\">Weiterlesen <span class=\"meta-nav\">&rarr;<\/span><\/a><\/p>\n","protected":false},"author":2,"featured_media":0,"comment_status":"closed","ping_status":"closed","sticky":false,"template":"","format":"standard","meta":{"footnotes":""},"categories":[1,5],"tags":[],"_links":{"self":[{"href":"https:\/\/skrobotz.de\/de-mail\/index.php?rest_route=\/wp\/v2\/posts\/984"}],"collection":[{"href":"https:\/\/skrobotz.de\/de-mail\/index.php?rest_route=\/wp\/v2\/posts"}],"about":[{"href":"https:\/\/skrobotz.de\/de-mail\/index.php?rest_route=\/wp\/v2\/types\/post"}],"author":[{"embeddable":true,"href":"https:\/\/skrobotz.de\/de-mail\/index.php?rest_route=\/wp\/v2\/users\/2"}],"replies":[{"embeddable":true,"href":"https:\/\/skrobotz.de\/de-mail\/index.php?rest_route=%2Fwp%2Fv2%2Fcomments&post=984"}],"version-history":[{"count":1,"href":"https:\/\/skrobotz.de\/de-mail\/index.php?rest_route=\/wp\/v2\/posts\/984\/revisions"}],"predecessor-version":[{"id":985,"href":"https:\/\/skrobotz.de\/de-mail\/index.php?rest_route=\/wp\/v2\/posts\/984\/revisions\/985"}],"wp:attachment":[{"href":"https:\/\/skrobotz.de\/de-mail\/index.php?rest_route=%2Fwp%2Fv2%2Fmedia&parent=984"}],"wp:term":[{"taxonomy":"category","embeddable":true,"href":"https:\/\/skrobotz.de\/de-mail\/index.php?rest_route=%2Fwp%2Fv2%2Fcategories&post=984"},{"taxonomy":"post_tag","embeddable":true,"href":"https:\/\/skrobotz.de\/de-mail\/index.php?rest_route=%2Fwp%2Fv2%2Ftags&post=984"}],"curies":[{"name":"wp","href":"https:\/\/api.w.org\/{rel}","templated":true}]}}